{"id":242,"date":"2015-07-06T15:15:30","date_gmt":"2015-07-06T13:15:30","guid":{"rendered":"http:\/\/roter-aufbau.de\/?p=242"},"modified":"2020-02-11T15:16:17","modified_gmt":"2020-02-11T14:16:17","slug":"solidaritaet-mit-allen-streikenden","status":"publish","type":"post","link":"http:\/\/roter-aufbau.de\/?p=242","title":{"rendered":"Solidarit\u00e4t mit allen Streikenden"},"content":{"rendered":"\n<p>Streik in Deutschland? Und es geht auch wirklich nicht um Bier, Benzin oder Bananen? Ja, das gibt es auch!<\/p>\n\n\n\n<p><strong>Solidarit\u00e4t mit allen Streikenden<\/strong><br>\nMenschenmassen mit Transparenten vor den Gewerkschaftsh\u00e4usern, stehende Z\u00fcge in den Bahnh\u00f6fen, geschlossene Kinderg\u00e4rten und liegen gebliebene Briefe. Man mag es kaum glauben, aber es wird wieder gestreikt im Lande! Nachdem die Kolleginnen und Kollegen der Lokf\u00fchrer Gewerkschaft (GdL) bereits in den letzten Monaten bewiesen haben, dass sie sich nicht alles gefallen lassen, zeigen seit mehreren Wochen nun auch die Angestellten der Kinderg\u00e4rten und seit kurzem auch die Mitarbeiter der Deutschen Post, wo die Grenzen des ertragbaren sind. M\u00f6gen die konkreten Gr\u00fcnde f\u00fcr die Streiks auch verschieden sein, so ist die Aussage doch klar: alles lassen die Arbeiter und Arbeiterinnen in diesem Land nicht mit sich machen und beweisen damit klare Kante gegen die weitere Prekarisierung der Arbeit in Folge der neoliberalen Politik der Bundesregierung. Jahrzehntelang wurden die Arbeiterinnen und Arbeiter durch die opportunistische Politik der DGB Gewerkschaften weitgehenend vom Ausstand abgehalten. Unter dem Begriff \u201eSozialpartnerschaft\u201cversuchten rechte Gewerkschaftsfunktion\u00e4re und Sozialdemokraten gemeinsam mit den M\u00e4chtigen der Wirtschaft die Klassengegens\u00e4tze zu verschleiern. Doch wo unl\u00f6sbare Gegens\u00e4tze aufeinandertreffen, da kann es keinen Konsens geben, zumindest nicht auf Dauer und so kam es wie es kommen musste und einzelne Berufsgruppen setzen sich zur Wehr. Nat\u00fcrlich darf man diese Ereignisse nicht \u00fcberbewerten, weder stehen uns in naher Zukunft Verh\u00e4ltnisse wie in S\u00fcdeuropa bevor, noch wird den Reichen und M\u00e4chtigen mit einem Generalstreik gedroht. Aber was nicht ist, kann bekanntlich noch werden und wird sind \u00fcberzeugt: Es wird passieren und die Verh\u00e4ltnisse werden ins Wanken geraten! Um f\u00fcr diesen Moment gewappnet zu sein, leistet jeder Streikende und jede Demonstrantin einen Beitrag indem sie unsere sch\u00e4rfste Waffe weitertragen: das politische Bewusstsein \u00fcber die Ausbeutung aller werkt\u00e4tigen Menschen im Kapitalismus.<\/p>\n\n\n\n<p>Doch auch unsere Gegner sind nicht unt\u00e4tig!<br>\nBereits nach nur drei gr\u00f6\u00dferen Streiks sp\u00fcrt das Kapital unseren Atem im Nacken und f\u00e4ngt an \u00fcber alle erdenklichen Kan\u00e4le zur\u00fcck zu schie\u00dfen. Als die GDL nicht nachgab, sich nicht dem Tarifeinheitsgesetz unterwerfen wollte und mit Nachdruck f\u00fcr mehr Lohn und bessere Arbeitszeiten k\u00e4mpfte, wurde ihr Vorsitzender Claus Weselsky kurzerhand zum Buhmann der Nation erkl\u00e4rt und von allen b\u00fcrgerlichen Zeitungen mit Verleumdungen beworfen bishin zur Ver\u00f6ffentlichung seiner Privatdresse. Gezielt wurde der kleinb\u00fcrgerliche Lynchmob gegen den sogenannten \u201eBahnsinnigen\u201c aufgestachelt.<br>\nAuf eine andere aber nicht weniger perfide Art und Weise versuchten Hetzbl\u00e4tter wie die Bildzeitung den Streik der Erzieherinnen und Erzieher zu diskreditieren. Sie zeigten traurige Kinder vor geschlossenen Kinderg\u00e4rten und versuchten somit auf die Tr\u00e4nendr\u00fcse zu dr\u00fccken um die gro\u00dfe Unterst\u00fctzung des Streiks in der Bev\u00f6lkerung zu mindern. Dabei haben insbesondere die unterbesetzten und schlecht bezahlten Angestellten in diesem Bereich volle Solidarit\u00e4t verdient.<\/p>\n\n\n\n<p>Beim aktuellen Beispiel des Poststreiks hingegen setzt das Kapital auf eine altbew\u00e4hrte Methode und l\u00e4sst massenhaft Streikbrecher herankarren. Meist aus Osteuropa kommend wird ihre Armut vom Post-Konzern gnadenlos ausgenutzt und gegen die streikenden Kolleginnen und Kollegen ausgespielt. Zu allem \u00dcberfluss ist auch hier wieder die Gewerkschaft keine gro\u00dfe Hilfe, erst nach der sechsten erfolglosen Verhandlungsrunde zog die verdi-F\u00fchrung eher wenig begeistert in den Streik. Erfreulicher Weise kam es regional aber auch zu Solidarit\u00e4tsaktionen wie beispielsweise von den Streikenden bei Amazon.<\/p>\n\n\n\n<p>Diese aktuellen Entwicklungen zeigen uns, dass der politische Kampf in Deutschland alles andere als aussichtslos ist und die Arbeiterinnen und Arbeiter sehr wohl bereit sind f\u00fcr ihre Interessen einzustehen und zu k\u00e4mpfen. Wir rufen hiermit zu weiteren Solidarit\u00e4tsaktionen mit allen Streikenden auf! Besucht die Streikposten und Demonstrationen, zeigt den Kolleginnen und Kollegen, dass sie nicht allein sind, sondern ihre Klasse hinter ihnen steht!<\/p>\n\n\n\n<p>Roter Aufbau Hamburg, Juli 2015<\/p>\n","protected":false},"excerpt":{"rendered":"<p>Streik in Deutschland? Und es geht auch wirklich nicht um Bier, Benzin oder Bananen? Ja, das gibt es auch! Solidarit\u00e4t mit allen Streikenden Menschenmassen mit&#8230;<\/p>\n<div class=\"more-link-wrapper\"><a class=\"more-link\" href=\"http:\/\/roter-aufbau.de\/?p=242\">Weiterlesen<span class=\"screen-reader-text\">Solidarit\u00e4t mit allen Streikenden<\/span><\/a><\/div>\n","protected":false},"author":1,"featured_media":0,"comment_status":"closed","ping_status":"open","sticky":false,"template":"","format":"standard","meta":{"footnotes":""},"categories":[1,23],"tags":[],"class_list":["post-242","post","type-post","status-publish","format-standard","hentry","category-allgemein","category-startseite","entry"],"_links":{"self":[{"href":"http:\/\/roter-aufbau.de\/index.php?rest_route=\/wp\/v2\/posts\/242","targetHints":{"allow":["GET"]}}],"collection":[{"href":"http:\/\/roter-aufbau.de\/index.php?rest_route=\/wp\/v2\/posts"}],"about":[{"href":"http:\/\/roter-aufbau.de\/index.php?rest_route=\/wp\/v2\/types\/post"}],"author":[{"embeddable":true,"href":"http:\/\/roter-aufbau.de\/index.php?rest_route=\/wp\/v2\/users\/1"}],"replies":[{"embeddable":true,"href":"http:\/\/roter-aufbau.de\/index.php?rest_route=%2Fwp%2Fv2%2Fcomments&post=242"}],"version-history":[{"count":1,"href":"http:\/\/roter-aufbau.de\/index.php?rest_route=\/wp\/v2\/posts\/242\/revisions"}],"predecessor-version":[{"id":243,"href":"http:\/\/roter-aufbau.de\/index.php?rest_route=\/wp\/v2\/posts\/242\/revisions\/243"}],"wp:attachment":[{"href":"http:\/\/roter-aufbau.de\/index.php?rest_route=%2Fwp%2Fv2%2Fmedia&parent=242"}],"wp:term":[{"taxonomy":"category","embeddable":true,"href":"http:\/\/roter-aufbau.de\/index.php?rest_route=%2Fwp%2Fv2%2Fcategories&post=242"},{"taxonomy":"post_tag","embeddable":true,"href":"http:\/\/roter-aufbau.de\/index.php?rest_route=%2Fwp%2Fv2%2Ftags&post=242"}],"curies":[{"name":"wp","href":"https:\/\/api.w.org\/{rel}","templated":true}]}}