{"id":295,"date":"2016-09-17T15:42:05","date_gmt":"2016-09-17T13:42:05","guid":{"rendered":"http:\/\/roter-aufbau.de\/?p=295"},"modified":"2020-02-11T15:42:31","modified_gmt":"2020-02-11T14:42:31","slug":"anti-ttip-ceta-demonstration","status":"publish","type":"post","link":"http:\/\/roter-aufbau.de\/?p=295","title":{"rendered":"Anti-TTIP\/CETA Demonstration"},"content":{"rendered":"\n<p>Wir bedanken uns bei allen die lautstark am Roten Block auf der Demonstration gegen TTIP\/CETA mitgewirkt haben.<br>\nVon den \u00fcber 60.000 (!) Demonstranten pr\u00e4sentierte sich ein gro\u00dfer Teil klar antikapitalistisch und machte die aufkommende Wut gegen das Freihandelsabkommen und dieses System durch Rufen von vielen Parolen deutlich.<br>\nAm Rand der Demonstration wurden Flyer und Zeitungen verteilt, auch hier war anhand der zahlreichen Gespr\u00e4che gro\u00dfes Interesse vorhanden.<br>\nWir hoffen die Menschen werden in Zukunft h\u00e4ufiger das Bed\u00fcrfnis versp\u00fcren ihre Meinung kund zu tun und sp\u00e4testens zum G20 Gipfel einen gro\u00dfen Teil der Bev\u00f6lkerung auf der Stra\u00dfe sehen, gegen dieses System und die politische Bestimmung gegen unsere Interessen und \u00fcber unsere K\u00f6pfe hinweg.<\/p>\n\n\n\n<p>Wer Interesse hat sich nochmal zum Abkommen zu informieren und unsere Position dazu lesen m\u00f6chte kann dies unter folgendem Link tun:<br>\n<a href=\"http:\/\/roter-aufbau.de\/allgemein\/2016\/1295die-wahrheit-schweigt-wenn-das-para-spricht\/\" target=\"_blank\" rel=\"noreferrer noopener\">http:\/\/roter-aufbau.de\/\u2026\/1295die-wahrheit-schweigt-wenn-da\u2026\/<\/a><\/p>\n\n\n\n<p>Auf dem Bild ist \u00fcbrigens unser neues Transparent gegen den G20 Gipfel zu sehen: G20? KLAR ZUM ENTERN!<\/p>\n","protected":false},"excerpt":{"rendered":"<p>Wir bedanken uns bei allen die lautstark am Roten Block auf der Demonstration gegen TTIP\/CETA mitgewirkt haben. Von den \u00fcber 60.000 (!) Demonstranten pr\u00e4sentierte sich&#8230;<\/p>\n<div class=\"more-link-wrapper\"><a class=\"more-link\" href=\"http:\/\/roter-aufbau.de\/?p=295\">Weiterlesen<span class=\"screen-reader-text\">Anti-TTIP\/CETA Demonstration<\/span><\/a><\/div>\n","protected":false},"author":1,"featured_media":297,"comment_status":"closed","ping_status":"open","sticky":false,"template":"","format":"standard","meta":{"footnotes":""},"categories":[1,34,22,23],"tags":[],"class_list":["post-295","post","type-post","status-publish","format-standard","has-post-thumbnail","hentry","category-allgemein","category-g20","category-hamburg","category-startseite","entry"],"_links":{"self":[{"href":"http:\/\/roter-aufbau.de\/index.php?rest_route=\/wp\/v2\/posts\/295","targetHints":{"allow":["GET"]}}],"collection":[{"href":"http:\/\/roter-aufbau.de\/index.php?rest_route=\/wp\/v2\/posts"}],"about":[{"href":"http:\/\/roter-aufbau.de\/index.php?rest_route=\/wp\/v2\/types\/post"}],"author":[{"embeddable":true,"href":"http:\/\/roter-aufbau.de\/index.php?rest_route=\/wp\/v2\/users\/1"}],"replies":[{"embeddable":true,"href":"http:\/\/roter-aufbau.de\/index.php?rest_route=%2Fwp%2Fv2%2Fcomments&post=295"}],"version-history":[{"count":1,"href":"http:\/\/roter-aufbau.de\/index.php?rest_route=\/wp\/v2\/posts\/295\/revisions"}],"predecessor-version":[{"id":296,"href":"http:\/\/roter-aufbau.de\/index.php?rest_route=\/wp\/v2\/posts\/295\/revisions\/296"}],"wp:featuredmedia":[{"embeddable":true,"href":"http:\/\/roter-aufbau.de\/index.php?rest_route=\/wp\/v2\/media\/297"}],"wp:attachment":[{"href":"http:\/\/roter-aufbau.de\/index.php?rest_route=%2Fwp%2Fv2%2Fmedia&parent=295"}],"wp:term":[{"taxonomy":"category","embeddable":true,"href":"http:\/\/roter-aufbau.de\/index.php?rest_route=%2Fwp%2Fv2%2Fcategories&post=295"},{"taxonomy":"post_tag","embeddable":true,"href":"http:\/\/roter-aufbau.de\/index.php?rest_route=%2Fwp%2Fv2%2Ftags&post=295"}],"curies":[{"name":"wp","href":"https:\/\/api.w.org\/{rel}","templated":true}]}}