{"id":301,"date":"2016-09-09T15:43:52","date_gmt":"2016-09-09T13:43:52","guid":{"rendered":"http:\/\/roter-aufbau.de\/?p=301"},"modified":"2020-02-11T15:45:14","modified_gmt":"2020-02-11T14:45:14","slug":"antifaschistische-stadtteilarbeit-aufbauen","status":"publish","type":"post","link":"http:\/\/roter-aufbau.de\/?p=301","title":{"rendered":"Antifaschistische Stadtteilarbeit aufbauen"},"content":{"rendered":"\n<p>Antifaschistischen Selbstschutz organisieren, eine Zusendung der Antifa 57 aus Hamburg Schnelsen:\n<\/p>\n\n\n\n<p>\u201eNachdem am Anfang des Jahres eine weitere Fl\u00fcchtlingsunterkunft in Schnelsen gebaut wurde hatten wir die Bef\u00fcrchtung, dass es auch hier zu rassistischen Protesten kommen k\u00f6nnte. Da wir auf den Infoveranstaltungen keine gro\u00dfen Proteste beobachten konnten, waren wir umso verwunderter als letzten Monat Nazipropaganda in Form von Stickern und Schmierereien auftauchte. Wir fassten also kurzerhand den Entschluss uns zu organisieren und uns dem entgegen zu stellen. Wir entfernten sticker und ersetzten sie durch unsere und versch\u00f6nerten ein paar W\u00e4nde um klar zu stellen dass es in unserem Viertel kein Platz f\u00fcr rassistische Hetze gibt.\u201c<\/p>\n\n\n\n<p>Antifaschistische Stadtteilarbeit aufbauen.<br>\nAntifa 57.<\/p>\n","protected":false},"excerpt":{"rendered":"<p>Antifaschistischen Selbstschutz organisieren, eine Zusendung der Antifa 57 aus Hamburg Schnelsen: \u201eNachdem am Anfang des Jahres eine weitere Fl\u00fcchtlingsunterkunft in Schnelsen gebaut wurde hatten wir&#8230;<\/p>\n<div class=\"more-link-wrapper\"><a class=\"more-link\" href=\"http:\/\/roter-aufbau.de\/?p=301\">Weiterlesen<span class=\"screen-reader-text\">Antifaschistische Stadtteilarbeit aufbauen<\/span><\/a><\/div>\n","protected":false},"author":1,"featured_media":302,"comment_status":"closed","ping_status":"open","sticky":false,"template":"","format":"standard","meta":{"footnotes":""},"categories":[1,30,22,35],"tags":[],"class_list":["post-301","post","type-post","status-publish","format-standard","has-post-thumbnail","hentry","category-allgemein","category-antifa","category-hamburg","category-streetart","entry"],"_links":{"self":[{"href":"http:\/\/roter-aufbau.de\/index.php?rest_route=\/wp\/v2\/posts\/301","targetHints":{"allow":["GET"]}}],"collection":[{"href":"http:\/\/roter-aufbau.de\/index.php?rest_route=\/wp\/v2\/posts"}],"about":[{"href":"http:\/\/roter-aufbau.de\/index.php?rest_route=\/wp\/v2\/types\/post"}],"author":[{"embeddable":true,"href":"http:\/\/roter-aufbau.de\/index.php?rest_route=\/wp\/v2\/users\/1"}],"replies":[{"embeddable":true,"href":"http:\/\/roter-aufbau.de\/index.php?rest_route=%2Fwp%2Fv2%2Fcomments&post=301"}],"version-history":[{"count":1,"href":"http:\/\/roter-aufbau.de\/index.php?rest_route=\/wp\/v2\/posts\/301\/revisions"}],"predecessor-version":[{"id":303,"href":"http:\/\/roter-aufbau.de\/index.php?rest_route=\/wp\/v2\/posts\/301\/revisions\/303"}],"wp:featuredmedia":[{"embeddable":true,"href":"http:\/\/roter-aufbau.de\/index.php?rest_route=\/wp\/v2\/media\/302"}],"wp:attachment":[{"href":"http:\/\/roter-aufbau.de\/index.php?rest_route=%2Fwp%2Fv2%2Fmedia&parent=301"}],"wp:term":[{"taxonomy":"category","embeddable":true,"href":"http:\/\/roter-aufbau.de\/index.php?rest_route=%2Fwp%2Fv2%2Fcategories&post=301"},{"taxonomy":"post_tag","embeddable":true,"href":"http:\/\/roter-aufbau.de\/index.php?rest_route=%2Fwp%2Fv2%2Ftags&post=301"}],"curies":[{"name":"wp","href":"https:\/\/api.w.org\/{rel}","templated":true}]}}