{"id":310,"date":"2016-04-16T15:49:26","date_gmt":"2016-04-16T13:49:26","guid":{"rendered":"http:\/\/roter-aufbau.de\/?p=310"},"modified":"2020-02-11T15:50:18","modified_gmt":"2020-02-11T14:50:18","slug":"zum-gedenken-an-ernst-thaelmann","status":"publish","type":"post","link":"http:\/\/roter-aufbau.de\/?p=310","title":{"rendered":"Zum Gedenken an Ernst Th\u00e4lmann"},"content":{"rendered":"\n<p>\u201eWir sagen nicht: W\u00e4hlt Th\u00e4lmann, dann habt ihr Brot und Freiheit. Wir sagen: um Brot und Freiheit m\u00fc\u00dft ihr k\u00e4mpfen!\u201c Wir&nbsp;gedenken und gratulieren heute dem Hamburger Arbeiterf\u00fchrer Ernst Th\u00e4lmann, welcher heute vor 130 Jahren geboren wurde und 58 Jahre sp\u00e4ter nach langem politischen Kampf und 11 Jahren Einzelhaft im KZ Buchenwald von den Nationalsozialisten erschossen wurde. Th\u00e4lmann war Vorsitzender der Kommunistischen Partei Deutschlands und Anf\u00fchrer des Roten Frontk\u00e4mpferbundes, welcher die Partei als Schutz- und Wehrorganisation vor der Polizei und den Faschisten im Stra\u00dfenkampf verteidigte. Er organisierte den Hamburger Aufstand &nbsp;im Oktober 1923 nach Vorbild der russischen Oktoberrevolution mit, bei dem das deutsche Kapital durch einen bewaffneten Umsturz entmachtet und die KPD die Regierung der Weimarer Republik \u00fcbernehmen wollte. Es sollte ein Aufbruchssignal f\u00fcr eine Mitteleurop\u00e4ische Revolution sein und die kommunistische Weltrevolution einleiten. Am 25. Oktober 1923 wurde der Aufstand niedergeschlagen. Wir sollten nicht vergessen was andere KommunistInnen in der Vergangenheit f\u00fcr Erfolge erreicht und Niederlagen erlitten haben. Wir m\u00fcssen daraus lernen, uns neu formieren und diesen Staat zum zittern bringen! Es ist an uns eine revolution\u00e4re Bewegung auf die Stra\u00dfe zu bringen, welche die Widerspr\u00fcche und Missst\u00e4nde in unser Gesellschaft erkennt, sich organisiert und den antifaschistischen Selbstschutz stellen, sowie eine Kommunistische Partei aufbauen kann. &nbsp; F\u00fcr einen roten Aufbau! Faust Hoch! Rotfront! &nbsp; &nbsp; &nbsp; Besucht auch mal die Ernst Th\u00e4lmann Gedenkst\u00e4tte Ernst-Th\u00e4lmann-Platz | Tarpenbekstr. 66&#8230;\t<\/p>\n","protected":false},"excerpt":{"rendered":"<p>\u201eWir sagen nicht: W\u00e4hlt Th\u00e4lmann, dann habt ihr Brot und Freiheit. Wir sagen: um Brot und Freiheit m\u00fc\u00dft ihr k\u00e4mpfen!\u201c Wir&nbsp;gedenken und gratulieren heute dem&#8230;<\/p>\n<div class=\"more-link-wrapper\"><a class=\"more-link\" href=\"http:\/\/roter-aufbau.de\/?p=310\">Weiterlesen<span class=\"screen-reader-text\">Zum Gedenken an Ernst Th\u00e4lmann<\/span><\/a><\/div>\n","protected":false},"author":1,"featured_media":311,"comment_status":"closed","ping_status":"open","sticky":false,"template":"","format":"standard","meta":{"footnotes":""},"categories":[30,33,23],"tags":[],"class_list":["post-310","post","type-post","status-publish","format-standard","has-post-thumbnail","hentry","category-antifa","category-klassenkampf","category-startseite","entry"],"_links":{"self":[{"href":"http:\/\/roter-aufbau.de\/index.php?rest_route=\/wp\/v2\/posts\/310","targetHints":{"allow":["GET"]}}],"collection":[{"href":"http:\/\/roter-aufbau.de\/index.php?rest_route=\/wp\/v2\/posts"}],"about":[{"href":"http:\/\/roter-aufbau.de\/index.php?rest_route=\/wp\/v2\/types\/post"}],"author":[{"embeddable":true,"href":"http:\/\/roter-aufbau.de\/index.php?rest_route=\/wp\/v2\/users\/1"}],"replies":[{"embeddable":true,"href":"http:\/\/roter-aufbau.de\/index.php?rest_route=%2Fwp%2Fv2%2Fcomments&post=310"}],"version-history":[{"count":1,"href":"http:\/\/roter-aufbau.de\/index.php?rest_route=\/wp\/v2\/posts\/310\/revisions"}],"predecessor-version":[{"id":312,"href":"http:\/\/roter-aufbau.de\/index.php?rest_route=\/wp\/v2\/posts\/310\/revisions\/312"}],"wp:featuredmedia":[{"embeddable":true,"href":"http:\/\/roter-aufbau.de\/index.php?rest_route=\/wp\/v2\/media\/311"}],"wp:attachment":[{"href":"http:\/\/roter-aufbau.de\/index.php?rest_route=%2Fwp%2Fv2%2Fmedia&parent=310"}],"wp:term":[{"taxonomy":"category","embeddable":true,"href":"http:\/\/roter-aufbau.de\/index.php?rest_route=%2Fwp%2Fv2%2Fcategories&post=310"},{"taxonomy":"post_tag","embeddable":true,"href":"http:\/\/roter-aufbau.de\/index.php?rest_route=%2Fwp%2Fv2%2Ftags&post=310"}],"curies":[{"name":"wp","href":"https:\/\/api.w.org\/{rel}","templated":true}]}}