{"id":335,"date":"2016-11-16T16:05:24","date_gmt":"2016-11-16T15:05:24","guid":{"rendered":"http:\/\/roter-aufbau.de\/?p=335"},"modified":"2020-02-11T16:20:07","modified_gmt":"2020-02-11T15:20:07","slug":"g20-in-hamburg-von-wut-zu-widerstand-redebeitrag","status":"publish","type":"post","link":"http:\/\/roter-aufbau.de\/?p=335","title":{"rendered":"G20 in Hamburg? .. von Wut zu Widerstand! \u2013 Redebeitrag"},"content":{"rendered":"\n<p>Hier ein kurzer Zusammenschnitt einer Rede vom Klassenfest gegen Staat und Kapital zum G20 Gipfel in Hamburg am 7.\/8. Juli 2017. Im Juli 2017 soll Hamburg als Austragungsort des G20-Gipfels zum Schauplatz der internationalen Aufmerksamkeit werden. Doch wer sind die G20 und warum kann man unseren Widerstand erwarten? \u2026SIE SCHACHERN UM DIE WELT Der Kapitalismus als herrschende Wirtschaftsordnung hat die nationalen \u00d6konomien und Kapitalistenklassen dieser Welt eng miteinander verflochten; sie stehen in Konkurrenz zueinander, aber sind gleichzeitig auch aufeinander angewiesen. Die sog. Globalisierung hat daf\u00fcr gesorgt, dass quasi alles auf der Welt miteinander in Verbindung steht und Entscheidungen, die auf einer Seite der Erde gef\u00e4llt werden, immer auch Auswirkungen auf der anderen Seite tragen. Da der Imperialismus seine Spielregeln bereits allen Teilen der Erde aufgedr\u00fcckt hat, ist es f\u00fcr die Herrschenden in den kapitalistischen Zentren dieser Welt immer schwieriger neue M\u00e4rkte zu erschlie\u00dfen und Wachstum zu f\u00f6rdern. Als Folge dieser versch\u00e4rften Konkurrenz verdichten sich die kapitalistischen Krisen, es wird zunehmend aggressiver um Marktanteile und Einfluss gek\u00e4mpft und auch Kriege scheinen ein immer probateres Mittel, um Interessen durchzusetzen. Diese Bedingungen machen die Abstimmung und gemeinsame Entscheidungen zwischen den verschiedenen kapitalistischen Nationen und Institutionen immer wichtiger. Als Folge daraus haben sich Institutionen wie die G20 gegr\u00fcndet. Die G20 besteht seit 1999 und setzt sich aus den 19 wichtigsten \u201eIndustrie- und Schwellenl\u00e4ndern\u201c sowie der EU zusammen. Einmal im Jahr treffen sich deren Regierungschefs, Finanzminister, Zentralbankvertreter und Vorsitzende von IWF, EZB, Weltbank und andere zum G20-Gipfel. Zweifellos besteht die Aufgabe der G20 darin das finanzielle Interesse ihrer Kapitalisten durchzusetzen: Dem Zugang zu Rohstoffen, Handelswegen und M\u00e4rkten. Und zweifellos setzt sich im Kapitalismus der&#8230; <br><br>https:\/\/www.youtube.com\/watch?v=YJznJLVqFIw&amp;feature=emb_title<\/p>\n\n\n\n<figure class=\"wp-block-embed-youtube wp-block-embed is-type-video is-provider-youtube wp-embed-aspect-16-9 wp-has-aspect-ratio\"><div class=\"wp-block-embed__wrapper\">\n<iframe loading=\"lazy\" title=\"G20 in Hamburg? .. von Wut zu Widerstand! - Redebeitrag\" width=\"500\" height=\"281\" src=\"https:\/\/www.youtube.com\/embed\/YJznJLVqFIw?feature=oembed\" frameborder=\"0\" allow=\"accelerometer; autoplay; clipboard-write; encrypted-media; gyroscope; picture-in-picture; web-share\" referrerpolicy=\"strict-origin-when-cross-origin\" allowfullscreen><\/iframe>\n<\/div><\/figure>\n","protected":false},"excerpt":{"rendered":"<p>Hier ein kurzer Zusammenschnitt einer Rede vom Klassenfest gegen Staat und Kapital zum G20 Gipfel in Hamburg am 7.\/8. Juli 2017. Im Juli 2017 soll&#8230;<\/p>\n<div class=\"more-link-wrapper\"><a class=\"more-link\" href=\"http:\/\/roter-aufbau.de\/?p=335\">Weiterlesen<span class=\"screen-reader-text\">G20 in Hamburg? .. von Wut zu Widerstand! \u2013 Redebeitrag<\/span><\/a><\/div>\n","protected":false},"author":1,"featured_media":0,"comment_status":"closed","ping_status":"open","sticky":false,"template":"","format":"standard","meta":{"footnotes":""},"categories":[33,23],"tags":[],"class_list":["post-335","post","type-post","status-publish","format-standard","hentry","category-klassenkampf","category-startseite","entry"],"_links":{"self":[{"href":"http:\/\/roter-aufbau.de\/index.php?rest_route=\/wp\/v2\/posts\/335","targetHints":{"allow":["GET"]}}],"collection":[{"href":"http:\/\/roter-aufbau.de\/index.php?rest_route=\/wp\/v2\/posts"}],"about":[{"href":"http:\/\/roter-aufbau.de\/index.php?rest_route=\/wp\/v2\/types\/post"}],"author":[{"embeddable":true,"href":"http:\/\/roter-aufbau.de\/index.php?rest_route=\/wp\/v2\/users\/1"}],"replies":[{"embeddable":true,"href":"http:\/\/roter-aufbau.de\/index.php?rest_route=%2Fwp%2Fv2%2Fcomments&post=335"}],"version-history":[{"count":1,"href":"http:\/\/roter-aufbau.de\/index.php?rest_route=\/wp\/v2\/posts\/335\/revisions"}],"predecessor-version":[{"id":336,"href":"http:\/\/roter-aufbau.de\/index.php?rest_route=\/wp\/v2\/posts\/335\/revisions\/336"}],"wp:attachment":[{"href":"http:\/\/roter-aufbau.de\/index.php?rest_route=%2Fwp%2Fv2%2Fmedia&parent=335"}],"wp:term":[{"taxonomy":"category","embeddable":true,"href":"http:\/\/roter-aufbau.de\/index.php?rest_route=%2Fwp%2Fv2%2Fcategories&post=335"},{"taxonomy":"post_tag","embeddable":true,"href":"http:\/\/roter-aufbau.de\/index.php?rest_route=%2Fwp%2Fv2%2Ftags&post=335"}],"curies":[{"name":"wp","href":"https:\/\/api.w.org\/{rel}","templated":true}]}}