{"id":348,"date":"2018-03-08T16:23:56","date_gmt":"2018-03-08T15:23:56","guid":{"rendered":"http:\/\/roter-aufbau.de\/?p=348"},"modified":"2020-02-11T16:25:41","modified_gmt":"2020-02-11T15:25:41","slug":"8-maerz-revolutionaerer-frauenkampftag","status":"publish","type":"post","link":"http:\/\/roter-aufbau.de\/?p=348","title":{"rendered":"8.M\u00e4rz \u2013 revolution\u00e4rer Frauen*kampftag!"},"content":{"rendered":"\n<p>8.M\u00e4rz \u2013 revolution\u00e4rer Frauen*kampftag! Demos in Hamburg: Frauen \/ FLTI* Demo: 8.3.2018 17:30 Uhr G\u00e4nsemarkt Women\u2018s March: F\u00fcr mehr Personal in den Krankenh\u00e4usern: 9.3.2018 17:00 Uhr vor dem Mercado, Altona Der 8. M\u00e4rz ist ein Tag, um an all die K\u00e4mpfe der Frauen* gegen Ausbeutung und Unterdr\u00fcckung zu erinnern. Und erinnern hei\u00dft K\u00e4mpfen! Zwar sind Frauen auf dem Papier gleichgestellt, aber in der Realit\u00e4t m\u00fcssen sie einer doppelten Unterdr\u00fcckung durch Kapital und Patriarchat begegnen. Als revolution\u00e4re FeministInnen blicken wir heute auf eine Bewegung zur\u00fcck, die die Befreiung der Frau unmittelbar mit der \u00dcberwindung der herrschenden Verh\u00e4ltnisse verband. Wir machen uns daher keine Illusion \u00fcber eine grundlegende Verbesserung der Situation innerhalb der bestehenden Verh\u00e4ltnisse. Alle bisherigen Siege sind leider nur ein kleiner Schritt nach vorn. Die gesetzliche Gleichstellung kann der Realit\u00e4t nicht standhalten, da in der bisherigen Gesellschaftsform keine tats\u00e4chliche Befreiung m\u00f6glich sein kann. Denn der alles durchdringende Kapitalismus bietet vielf\u00e4ltige Mechanismen zur Unterdr\u00fcckung und systematischer Benachteiligung, um Abh\u00e4ngigkeiten in allen Bereichen zu entwickeln und aufrecht zu erhalten. Viele b\u00fcrgerlich-feministische Bewegungen arbeiten jedoch innerhalb der Verh\u00e4ltnisse, orientieren sich am angeblich freien Mann und versuchen sich im Kapitalismus sch\u00f6n einzurichten. Aber der Kapitalismus geht mit dem Patriarchat, seit seiner Entstehung, Hand in Hand. Deshalb muss ein revolution\u00e4rer Feminismus mit dem System brechen! Von dem M\u00fcllhaufen der Geschichte gibt es wiederholt auch Versuche, den Feminismus von rechts f\u00fcr sich zu vereinnahmen. Ob Aufm\u00e4rsche wie in Berlin oder Kandel, die 120db Kampagne der Identit\u00e4ren Bewegung oder angebliche Frauenrechtlerinnen in der AfD. Dabei wird schnell klar, dass sich hier eher an den Idealen des \u201eBund deutscher M\u00e4dels\u201c aus der NS-Zeit orientiert wird und auch&#8230; <\/p>\n\n\n\n<figure class=\"wp-block-image\"><img loading=\"lazy\" decoding=\"async\" width=\"476\" height=\"315\" src=\"https:\/\/roter-aufbau.de\/wp-content\/uploads\/2020\/02\/17190962_1472283759510628_1933231694412947606_n.png\" alt=\"\" class=\"wp-image-350\" srcset=\"http:\/\/roter-aufbau.de\/wp-content\/uploads\/2020\/02\/17190962_1472283759510628_1933231694412947606_n.png 476w, http:\/\/roter-aufbau.de\/wp-content\/uploads\/2020\/02\/17190962_1472283759510628_1933231694412947606_n-300x199.png 300w, http:\/\/roter-aufbau.de\/wp-content\/uploads\/2020\/02\/17190962_1472283759510628_1933231694412947606_n-250x165.png 250w\" sizes=\"auto, (max-width: 476px) 100vw, 476px\" \/><\/figure>\n","protected":false},"excerpt":{"rendered":"<p>8.M\u00e4rz \u2013 revolution\u00e4rer Frauen*kampftag! Demos in Hamburg: Frauen \/ FLTI* Demo: 8.3.2018 17:30 Uhr G\u00e4nsemarkt Women\u2018s March: F\u00fcr mehr Personal in den Krankenh\u00e4usern: 9.3.2018 17:00&#8230;<\/p>\n<div class=\"more-link-wrapper\"><a class=\"more-link\" href=\"http:\/\/roter-aufbau.de\/?p=348\">Weiterlesen<span class=\"screen-reader-text\">8.M\u00e4rz \u2013 revolution\u00e4rer Frauen*kampftag!<\/span><\/a><\/div>\n","protected":false},"author":1,"featured_media":349,"comment_status":"closed","ping_status":"open","sticky":false,"template":"","format":"standard","meta":{"footnotes":""},"categories":[36,22,33,23],"tags":[],"class_list":["post-348","post","type-post","status-publish","format-standard","has-post-thumbnail","hentry","category-feminismus","category-hamburg","category-klassenkampf","category-startseite","entry"],"_links":{"self":[{"href":"http:\/\/roter-aufbau.de\/index.php?rest_route=\/wp\/v2\/posts\/348","targetHints":{"allow":["GET"]}}],"collection":[{"href":"http:\/\/roter-aufbau.de\/index.php?rest_route=\/wp\/v2\/posts"}],"about":[{"href":"http:\/\/roter-aufbau.de\/index.php?rest_route=\/wp\/v2\/types\/post"}],"author":[{"embeddable":true,"href":"http:\/\/roter-aufbau.de\/index.php?rest_route=\/wp\/v2\/users\/1"}],"replies":[{"embeddable":true,"href":"http:\/\/roter-aufbau.de\/index.php?rest_route=%2Fwp%2Fv2%2Fcomments&post=348"}],"version-history":[{"count":1,"href":"http:\/\/roter-aufbau.de\/index.php?rest_route=\/wp\/v2\/posts\/348\/revisions"}],"predecessor-version":[{"id":351,"href":"http:\/\/roter-aufbau.de\/index.php?rest_route=\/wp\/v2\/posts\/348\/revisions\/351"}],"wp:featuredmedia":[{"embeddable":true,"href":"http:\/\/roter-aufbau.de\/index.php?rest_route=\/wp\/v2\/media\/349"}],"wp:attachment":[{"href":"http:\/\/roter-aufbau.de\/index.php?rest_route=%2Fwp%2Fv2%2Fmedia&parent=348"}],"wp:term":[{"taxonomy":"category","embeddable":true,"href":"http:\/\/roter-aufbau.de\/index.php?rest_route=%2Fwp%2Fv2%2Fcategories&post=348"},{"taxonomy":"post_tag","embeddable":true,"href":"http:\/\/roter-aufbau.de\/index.php?rest_route=%2Fwp%2Fv2%2Ftags&post=348"}],"curies":[{"name":"wp","href":"https:\/\/api.w.org\/{rel}","templated":true}]}}