{"id":355,"date":"2018-03-07T16:26:50","date_gmt":"2018-03-07T15:26:50","guid":{"rendered":"http:\/\/roter-aufbau.de\/?p=355"},"modified":"2020-02-11T16:27:36","modified_gmt":"2020-02-11T15:27:36","slug":"ivana-hoffmann-sehid-namirin-in-unserem-kampf-lebst-du-weiter","status":"publish","type":"post","link":"http:\/\/roter-aufbau.de\/?p=355","title":{"rendered":"Ivana Hoffmann \u015eeh\u00eed namirin! In unserem Kampf lebst du weiter!"},"content":{"rendered":"\n<p>Ivana Hoffmann \u015eeh\u00eed namirin! In unserem Kampf lebst du weiter! Wir wollen heute der vor 3 Jahren verstorbenen Kommunistin und Internationalistin Ivana gedenken. Ivana, in ihrer milit\u00e4rischen Einheit auch als Ava\u015fin Teko\u015fin G\u00fcne\u015f bekannt, widmete ihr Leben der Revolution und der Menschlichkeit. Sie schloss sich fr\u00fch der kommunistischen Jugendbewegung an und entwickelte schnell ein fortschrittliches Bewusstsein f\u00fcr Fragen der Revolution und der Befreiung der Frau. Ihre \u00dcberzeugung spiegelte sich vor allem in ihrer Entscheidung wieder, sich dem bewaffneten Kampf gegen den \u201eislamischen\u201c Staat anzuschlie\u00dfen, die Revolution in Rojava und somit auch den Fortschritt und die Zukunft voranzutreiben. Sie war nicht einmal 20 Jahre alt, als Sie dem Tod durch die blutigen Hunde des IS ins Auge blicken musste. Heute vor 3 Jahren, am 7. M\u00e4rz 2015 um 3 Uhr morgens ist sie gefallen. Wir gedenken ihr. Wir behalten sie nicht nur als M\u00e4rtyrerin, sondern vor allem als starke Frau in Erinnerung, welche Hoffnung und Stolz in sich trug. Hoffnung, um gegen die Unterdr\u00fcckung des r\u00fcckst\u00e4ndigen faschistoiden t\u00fcrkischen und \u201eislamischen\u201c Staates zu k\u00e4mpfen. Der Ruf der Revolution schallt weiter und gewinnt immer mehr an Wichtigkeit, denn die unterdr\u00fcckerischen Aggressionen gegen das t\u00fcrkische und kurdische Volk zeigen von Tag zu Tag mehr mit welcher Brutalit\u00e4t sie vorgehen. Wir wollen uns an ihr ein Beispiel nehmen und teilen ihre Tr\u00e4ume und den Weg den sie gegangen ist. F\u00fcr die Revolution in Rojava, f\u00fcr die Befreiung der Frau. Biji Azadi, Biji Sosyalizm! \u015eeh\u00eed namirin<\/p>\n","protected":false},"excerpt":{"rendered":"<p>Ivana Hoffmann \u015eeh\u00eed namirin! In unserem Kampf lebst du weiter! Wir wollen heute der vor 3 Jahren verstorbenen Kommunistin und Internationalistin Ivana gedenken. Ivana, in&#8230;<\/p>\n<div class=\"more-link-wrapper\"><a class=\"more-link\" href=\"http:\/\/roter-aufbau.de\/?p=355\">Weiterlesen<span class=\"screen-reader-text\">Ivana Hoffmann \u015eeh\u00eed namirin! In unserem Kampf lebst du weiter!<\/span><\/a><\/div>\n","protected":false},"author":1,"featured_media":356,"comment_status":"closed","ping_status":"open","sticky":false,"template":"","format":"standard","meta":{"footnotes":""},"categories":[32,33,23],"tags":[],"class_list":["post-355","post","type-post","status-publish","format-standard","has-post-thumbnail","hentry","category-internationalismus","category-klassenkampf","category-startseite","entry"],"_links":{"self":[{"href":"http:\/\/roter-aufbau.de\/index.php?rest_route=\/wp\/v2\/posts\/355","targetHints":{"allow":["GET"]}}],"collection":[{"href":"http:\/\/roter-aufbau.de\/index.php?rest_route=\/wp\/v2\/posts"}],"about":[{"href":"http:\/\/roter-aufbau.de\/index.php?rest_route=\/wp\/v2\/types\/post"}],"author":[{"embeddable":true,"href":"http:\/\/roter-aufbau.de\/index.php?rest_route=\/wp\/v2\/users\/1"}],"replies":[{"embeddable":true,"href":"http:\/\/roter-aufbau.de\/index.php?rest_route=%2Fwp%2Fv2%2Fcomments&post=355"}],"version-history":[{"count":1,"href":"http:\/\/roter-aufbau.de\/index.php?rest_route=\/wp\/v2\/posts\/355\/revisions"}],"predecessor-version":[{"id":357,"href":"http:\/\/roter-aufbau.de\/index.php?rest_route=\/wp\/v2\/posts\/355\/revisions\/357"}],"wp:featuredmedia":[{"embeddable":true,"href":"http:\/\/roter-aufbau.de\/index.php?rest_route=\/wp\/v2\/media\/356"}],"wp:attachment":[{"href":"http:\/\/roter-aufbau.de\/index.php?rest_route=%2Fwp%2Fv2%2Fmedia&parent=355"}],"wp:term":[{"taxonomy":"category","embeddable":true,"href":"http:\/\/roter-aufbau.de\/index.php?rest_route=%2Fwp%2Fv2%2Fcategories&post=355"},{"taxonomy":"post_tag","embeddable":true,"href":"http:\/\/roter-aufbau.de\/index.php?rest_route=%2Fwp%2Fv2%2Ftags&post=355"}],"curies":[{"name":"wp","href":"https:\/\/api.w.org\/{rel}","templated":true}]}}