{"id":410,"date":"2018-03-13T16:56:53","date_gmt":"2018-03-13T15:56:53","guid":{"rendered":"http:\/\/roter-aufbau.de\/?p=410"},"modified":"2020-02-11T17:00:14","modified_gmt":"2020-02-11T16:00:14","slug":"kampf-ihrer-klassenjustiz-demobericht-vom-17-03","status":"publish","type":"post","link":"http:\/\/roter-aufbau.de\/?p=410","title":{"rendered":"Kampf ihrer Klassenjustiz \u2013 Demobericht vom 17.03"},"content":{"rendered":"\n<p>Wir bedanken uns bei \u00fcber 1000 Teilnehmerinnen und Teilnehmern der gestrigen Demonstration. Besonders bei denen die sich unserem revolution\u00e4ren Block angeschlossen und sich mit uns Seite an Seite solidarisch gezeigt haben. Trotz des massiven Polizeiaufgebots lie\u00dfen sich unz\u00e4hlige Menschen nicht einsch\u00fcchtern und zogen vom G\u00e4nsemarkt bis zum Neuen Pferdemarkt. Die Route f\u00fchrte unter anderem an der Untersuchungshaftanstalt an der Holstenglacis vorbei, wo mehrere politische Gefangene inhaftiert sind. Unter ihnen der Genosse Musa A\u015fo\u011flu, ihm wird unterstellt eine F\u00fchrungsposition in der t\u00fcrkischen Organisation DHKP-C zu haben und ein Terrorist zu sein. Er wird aufgrund der Tatsache, das er ein Revolution\u00e4r ist, kriminalisiert. Mehr Informationen dazu unter: (https:\/\/www.facebook.com\/Freiheitskomitee-1726844214002462\/) Rote Gr\u00fc\u00dfe gehen raus an die revolution\u00e4re Aktion Stuttgart, mit welcher wir gemeinsam den Block bildeten und unz\u00e4hlige Parolen riefen. Es zeigte sich deutlich, dass wir mit unseren Genossinnen und Genossen einen motivierten und k\u00e4mpferischen Block auf die Stra\u00dfe gebracht haben, der sich von der Au\u00dfenwirkung gut darstellte, wie wir durch positives Feedback beim Flyer verteilen erfahren haben ( mehr Infos zur RAS https:\/\/revolutionaere-aktion.org\/ ). Au\u00dferdem gr\u00fc\u00dfen wir den Roter Aufbau Rhein\/Ruhr, Roter Aufbau Burg und das Revolution\u00e4res Kollektiv Flensburg. Wir sind nicht Alle, es fehlen die&#8230; <\/p>\n","protected":false},"excerpt":{"rendered":"<p>Wir bedanken uns bei \u00fcber 1000 Teilnehmerinnen und Teilnehmern der gestrigen Demonstration. Besonders bei denen die sich unserem revolution\u00e4ren Block angeschlossen und sich mit uns&#8230;<\/p>\n<div class=\"more-link-wrapper\"><a class=\"more-link\" href=\"http:\/\/roter-aufbau.de\/?p=410\">Weiterlesen<span class=\"screen-reader-text\">Kampf ihrer Klassenjustiz \u2013 Demobericht vom 17.03<\/span><\/a><\/div>\n","protected":false},"author":1,"featured_media":411,"comment_status":"closed","ping_status":"open","sticky":false,"template":"","format":"standard","meta":{"footnotes":""},"categories":[34,33,23],"tags":[],"class_list":["post-410","post","type-post","status-publish","format-standard","has-post-thumbnail","hentry","category-g20","category-klassenkampf","category-startseite","entry"],"_links":{"self":[{"href":"http:\/\/roter-aufbau.de\/index.php?rest_route=\/wp\/v2\/posts\/410","targetHints":{"allow":["GET"]}}],"collection":[{"href":"http:\/\/roter-aufbau.de\/index.php?rest_route=\/wp\/v2\/posts"}],"about":[{"href":"http:\/\/roter-aufbau.de\/index.php?rest_route=\/wp\/v2\/types\/post"}],"author":[{"embeddable":true,"href":"http:\/\/roter-aufbau.de\/index.php?rest_route=\/wp\/v2\/users\/1"}],"replies":[{"embeddable":true,"href":"http:\/\/roter-aufbau.de\/index.php?rest_route=%2Fwp%2Fv2%2Fcomments&post=410"}],"version-history":[{"count":2,"href":"http:\/\/roter-aufbau.de\/index.php?rest_route=\/wp\/v2\/posts\/410\/revisions"}],"predecessor-version":[{"id":418,"href":"http:\/\/roter-aufbau.de\/index.php?rest_route=\/wp\/v2\/posts\/410\/revisions\/418"}],"wp:featuredmedia":[{"embeddable":true,"href":"http:\/\/roter-aufbau.de\/index.php?rest_route=\/wp\/v2\/media\/411"}],"wp:attachment":[{"href":"http:\/\/roter-aufbau.de\/index.php?rest_route=%2Fwp%2Fv2%2Fmedia&parent=410"}],"wp:term":[{"taxonomy":"category","embeddable":true,"href":"http:\/\/roter-aufbau.de\/index.php?rest_route=%2Fwp%2Fv2%2Fcategories&post=410"},{"taxonomy":"post_tag","embeddable":true,"href":"http:\/\/roter-aufbau.de\/index.php?rest_route=%2Fwp%2Fv2%2Ftags&post=410"}],"curies":[{"name":"wp","href":"https:\/\/api.w.org\/{rel}","templated":true}]}}