{"id":413,"date":"2018-03-21T16:58:05","date_gmt":"2018-03-21T15:58:05","guid":{"rendered":"http:\/\/roter-aufbau.de\/?p=413"},"modified":"2020-02-11T16:58:44","modified_gmt":"2020-02-11T15:58:44","slug":"gegen-den-europaweiten-naziaufmarsch-in-dortmund","status":"publish","type":"post","link":"http:\/\/roter-aufbau.de\/?p=413","title":{"rendered":"Gegen den europaweiten Naziaufmarsch in Dortmund"},"content":{"rendered":"\n<p>Gegen den europaweiten Naziaufmarsch in Dortmund F\u00fcr den 14. April 2018 planen die Neonazis der Kleinstpartei \u201cdie Rechte Dortmund\u201c, unter Beteiligung von Faschisten aus ganz Europa, einen Neonazi-Aufmarsch in Dortmund. Die Faschisten aus Dortmund rufen unter dem Motto \u201cEuropa erwache! \u2013 F\u00fcr freie V\u00f6lker und souver\u00e4ne Nationalstaaten\u201c zu einer Demonstration durch die Dortmunder Innenstadt auf. F\u00fcr ihr Unterfangen haben sie letztes Jahr einen klandestinen Kongress in Dortmund veranstaltet, auf welchem sich verschiedene Vertreter von faschistischen Strukturen aus vielen europ\u00e4ischen L\u00e4ndern getroffen und vernetzt haben. Durch ihre Parole, die nach freien V\u00f6lkern ruft, versuchen sie auch das konservative und b\u00fcrgerliche Spektrum zu gewinnen, und wollen ihre menschenverachtende Gesinnung verschleiern. \u201eDie Rechte\u201c \u2013 Gelbes T-Shirt, statt braunem Hemd! Die neonazistische Partei \u201eDie Rechte wurde Ende Mai 2012 u.a. durch den Neonazi-Kader Christian Worch und einigen ehemaligen Mitglieder der inzwischen aufgel\u00f6sten \u201eDeutsche Volksunion\u201c (DVU), welche nicht mit der Fusion der DVU und NPD einverstanden waren und dissidierten, gegr\u00fcndet. Seit der Gr\u00fcndung gilt die Partei, auf Grund der \u201eParteiprivilegien\u201c, f\u00fcr viele Faschisten aus verbotenen Neonazi-Gruppierungen wie z.B. der Kameradschaft Aachen, Dortmund und Hamm, als relativ verbotssichere Alternative. Es bestehen Landesverb\u00e4nde in 9 L\u00e4ndern. Ende 2013 soll \u201edie Rechte\u201c ca. 500 Mitglieder gehabt haben, \u00fcber 250 von diesen in Nordrhein-Westfalen (NRW). Die bisherigen Ver\u00f6ffentlichungen der Partei propagieren Nationalismus, Hetze gegen Muslime und Gefl\u00fcchtete, sowie die traditionellen rechte Feindbilder: Frauenemanzipation und alternative Lebensentw\u00fcrfe jenseits der heterosexuellen Kleinfamilie. Die rechten Rattenf\u00e4nger versuchen auch dieses mal mit ihrer altbekannten Hetze mobil zu machen, Hetze gegen <\/p>\n","protected":false},"excerpt":{"rendered":"<p>Gegen den europaweiten Naziaufmarsch in Dortmund F\u00fcr den 14. April 2018 planen die Neonazis der Kleinstpartei \u201cdie Rechte Dortmund\u201c, unter Beteiligung von Faschisten aus ganz&#8230;<\/p>\n<div class=\"more-link-wrapper\"><a class=\"more-link\" href=\"http:\/\/roter-aufbau.de\/?p=413\">Weiterlesen<span class=\"screen-reader-text\">Gegen den europaweiten Naziaufmarsch in Dortmund<\/span><\/a><\/div>\n","protected":false},"author":1,"featured_media":0,"comment_status":"closed","ping_status":"open","sticky":false,"template":"","format":"standard","meta":{"footnotes":""},"categories":[30,24,23],"tags":[],"class_list":["post-413","post","type-post","status-publish","format-standard","hentry","category-antifa","category-rhein-ruhr","category-startseite","entry"],"_links":{"self":[{"href":"http:\/\/roter-aufbau.de\/index.php?rest_route=\/wp\/v2\/posts\/413","targetHints":{"allow":["GET"]}}],"collection":[{"href":"http:\/\/roter-aufbau.de\/index.php?rest_route=\/wp\/v2\/posts"}],"about":[{"href":"http:\/\/roter-aufbau.de\/index.php?rest_route=\/wp\/v2\/types\/post"}],"author":[{"embeddable":true,"href":"http:\/\/roter-aufbau.de\/index.php?rest_route=\/wp\/v2\/users\/1"}],"replies":[{"embeddable":true,"href":"http:\/\/roter-aufbau.de\/index.php?rest_route=%2Fwp%2Fv2%2Fcomments&post=413"}],"version-history":[{"count":1,"href":"http:\/\/roter-aufbau.de\/index.php?rest_route=\/wp\/v2\/posts\/413\/revisions"}],"predecessor-version":[{"id":414,"href":"http:\/\/roter-aufbau.de\/index.php?rest_route=\/wp\/v2\/posts\/413\/revisions\/414"}],"wp:attachment":[{"href":"http:\/\/roter-aufbau.de\/index.php?rest_route=%2Fwp%2Fv2%2Fmedia&parent=413"}],"wp:term":[{"taxonomy":"category","embeddable":true,"href":"http:\/\/roter-aufbau.de\/index.php?rest_route=%2Fwp%2Fv2%2Fcategories&post=413"},{"taxonomy":"post_tag","embeddable":true,"href":"http:\/\/roter-aufbau.de\/index.php?rest_route=%2Fwp%2Fv2%2Ftags&post=413"}],"curies":[{"name":"wp","href":"https:\/\/api.w.org\/{rel}","templated":true}]}}