{"id":419,"date":"2018-03-19T17:00:21","date_gmt":"2018-03-19T16:00:21","guid":{"rendered":"http:\/\/roter-aufbau.de\/?p=419"},"modified":"2020-02-11T17:00:45","modified_gmt":"2020-02-11T16:00:45","slug":"6-tag-der-solidaritaet-in-dortmund","status":"publish","type":"post","link":"http:\/\/roter-aufbau.de\/?p=419","title":{"rendered":"6. Tag der Solidarit\u00e4t in Dortmund"},"content":{"rendered":"\n<p>NSU und Staat \u2013 Hand in Hand Mit dem Brand eines Wohnwagens am 11. November 2011 geriet der sogenannte \u201cNationalsozialistischer Untergrund (kurz NSU)\u201c das erste Mal in die \u00d6ffentlichkeit. Der NSU ist allerdings keine einmalige Erscheinung und auch nicht kontextlos zu verstehen, denn er entwickelte sich aus der staatlich tolerierten und aktiv unterst\u00fctzen Neonaziszene der 90er Jahre heraus. Seine ideologischen sowie strukturellen Ursprung besitzt der NSU in dem \u201cTh\u00fcringer Heimatschutz\u201c, in dessen Umfeld 10 V-Leute eine aktive Rolle spielten, beispielsweise eine kooperative Planungsstelle f\u00fcr milit\u00e4rische Schulung zwischen dem Verfassungsschutz und Nazis errichteten oder falsche Identit\u00e4ten besorgten. Tino Brandt, der die f\u00fchrende Position im Th\u00fcringer Heimatschutz inne hatte, war selbst V-Mann und erhielt mehr als 200.000 DM mit denen der NSU nachweislich aufgebaut wurde und sich Waffen beschaffte. Den NSU hat der Deutsche Staat aufgebaut, finanziert und morden lassen, mit Waffen versorgt, milit\u00e4risch ausgebildet und gedeckt, aus diesem Grund ist der Verfassungsschutz und seine Beh\u00f6rden Mitt\u00e4ter und ideologischer Komplize zugleich. Wir sagen, die Annahme der deutsche Staat und seine Geheimdienste h\u00e4tten versagt, Ermittlungspannen gehabt oder weggeschaut, verwischt die Tatsachen und versetzt ihn f\u00e4lschlicherweise in eine Opferrolle. Mit einer Mordserie in den Jahren 2000 bis 2006, zahlreichen Sprengstoffanschl\u00e4gen ermoderte der NSU 10 Menschen, verletzte Unz\u00e4hlige und hinterlie\u00df Migranten und Politische Gegner in Angst um ihr Leben. Die Persversion des NSU-Skandals erreichte allerdings seinen H\u00f6hepunkt in der Verdrehung der Opfer-T\u00e4ter Verh\u00e4ltnisse, als die Beh\u00f6rden die den NSU aufgebaut hatten und ihn zu jeder Zeit unter Kontrolle hatte, gegen die migrantischen Opferfamilien ermitteln lie\u00dfen und diese schikanierten. Obwohl bei 6 von 9 Morden mehr als ein V-Mann involviert war, verhinderte der Verfassungschutz keinen&#8230;\t<\/p>\n","protected":false},"excerpt":{"rendered":"<p>NSU und Staat \u2013 Hand in Hand Mit dem Brand eines Wohnwagens am 11. November 2011 geriet der sogenannte \u201cNationalsozialistischer Untergrund (kurz NSU)\u201c das erste&#8230;<\/p>\n<div class=\"more-link-wrapper\"><a class=\"more-link\" href=\"http:\/\/roter-aufbau.de\/?p=419\">Weiterlesen<span class=\"screen-reader-text\">6. Tag der Solidarit\u00e4t in Dortmund<\/span><\/a><\/div>\n","protected":false},"author":1,"featured_media":0,"comment_status":"closed","ping_status":"open","sticky":false,"template":"","format":"standard","meta":{"footnotes":""},"categories":[30,24],"tags":[],"class_list":["post-419","post","type-post","status-publish","format-standard","hentry","category-antifa","category-rhein-ruhr","entry"],"_links":{"self":[{"href":"http:\/\/roter-aufbau.de\/index.php?rest_route=\/wp\/v2\/posts\/419","targetHints":{"allow":["GET"]}}],"collection":[{"href":"http:\/\/roter-aufbau.de\/index.php?rest_route=\/wp\/v2\/posts"}],"about":[{"href":"http:\/\/roter-aufbau.de\/index.php?rest_route=\/wp\/v2\/types\/post"}],"author":[{"embeddable":true,"href":"http:\/\/roter-aufbau.de\/index.php?rest_route=\/wp\/v2\/users\/1"}],"replies":[{"embeddable":true,"href":"http:\/\/roter-aufbau.de\/index.php?rest_route=%2Fwp%2Fv2%2Fcomments&post=419"}],"version-history":[{"count":1,"href":"http:\/\/roter-aufbau.de\/index.php?rest_route=\/wp\/v2\/posts\/419\/revisions"}],"predecessor-version":[{"id":420,"href":"http:\/\/roter-aufbau.de\/index.php?rest_route=\/wp\/v2\/posts\/419\/revisions\/420"}],"wp:attachment":[{"href":"http:\/\/roter-aufbau.de\/index.php?rest_route=%2Fwp%2Fv2%2Fmedia&parent=419"}],"wp:term":[{"taxonomy":"category","embeddable":true,"href":"http:\/\/roter-aufbau.de\/index.php?rest_route=%2Fwp%2Fv2%2Fcategories&post=419"},{"taxonomy":"post_tag","embeddable":true,"href":"http:\/\/roter-aufbau.de\/index.php?rest_route=%2Fwp%2Fv2%2Ftags&post=419"}],"curies":[{"name":"wp","href":"https:\/\/api.w.org\/{rel}","templated":true}]}}