{"id":421,"date":"2018-03-09T17:00:54","date_gmt":"2018-03-09T16:00:54","guid":{"rendered":"http:\/\/roter-aufbau.de\/?p=421"},"modified":"2020-02-11T17:02:06","modified_gmt":"2020-02-11T16:02:06","slug":"solidarische-gruesse-gruendung-des-roten-aufbau-burg","status":"publish","type":"post","link":"http:\/\/roter-aufbau.de\/?p=421","title":{"rendered":"Solidarische Gr\u00fc\u00dfe \u2013 Gr\u00fcndung des Roten Aufbau Burg!"},"content":{"rendered":"\n<p>Der Rote Aufbau hat Nachwuchs bekommen und die Familie w\u00e4chst und w\u00e4chst. Nun hat sich nach l\u00e4ngerem Diskussionsprozess der Rote Aufbau Burg (bei Magdeburg) gegr\u00fcndet und plant schon am 18.M\u00e4rz eine Aktion zum Tag der politischen Gefangenen. Liken und weitersagen! &nbsp;&#8230;\t<\/p>\n","protected":false},"excerpt":{"rendered":"<p>Der Rote Aufbau hat Nachwuchs bekommen und die Familie w\u00e4chst und w\u00e4chst. Nun hat sich nach l\u00e4ngerem Diskussionsprozess der Rote Aufbau Burg (bei Magdeburg) gegr\u00fcndet&#8230;<\/p>\n<div class=\"more-link-wrapper\"><a class=\"more-link\" href=\"http:\/\/roter-aufbau.de\/?p=421\">Weiterlesen<span class=\"screen-reader-text\">Solidarische Gr\u00fc\u00dfe \u2013 Gr\u00fcndung des Roten Aufbau Burg!<\/span><\/a><\/div>\n","protected":false},"author":1,"featured_media":422,"comment_status":"closed","ping_status":"open","sticky":false,"template":"","format":"standard","meta":{"footnotes":""},"categories":[25,23],"tags":[],"class_list":["post-421","post","type-post","status-publish","format-standard","has-post-thumbnail","hentry","category-burg","category-startseite","entry"],"_links":{"self":[{"href":"http:\/\/roter-aufbau.de\/index.php?rest_route=\/wp\/v2\/posts\/421","targetHints":{"allow":["GET"]}}],"collection":[{"href":"http:\/\/roter-aufbau.de\/index.php?rest_route=\/wp\/v2\/posts"}],"about":[{"href":"http:\/\/roter-aufbau.de\/index.php?rest_route=\/wp\/v2\/types\/post"}],"author":[{"embeddable":true,"href":"http:\/\/roter-aufbau.de\/index.php?rest_route=\/wp\/v2\/users\/1"}],"replies":[{"embeddable":true,"href":"http:\/\/roter-aufbau.de\/index.php?rest_route=%2Fwp%2Fv2%2Fcomments&post=421"}],"version-history":[{"count":1,"href":"http:\/\/roter-aufbau.de\/index.php?rest_route=\/wp\/v2\/posts\/421\/revisions"}],"predecessor-version":[{"id":423,"href":"http:\/\/roter-aufbau.de\/index.php?rest_route=\/wp\/v2\/posts\/421\/revisions\/423"}],"wp:featuredmedia":[{"embeddable":true,"href":"http:\/\/roter-aufbau.de\/index.php?rest_route=\/wp\/v2\/media\/422"}],"wp:attachment":[{"href":"http:\/\/roter-aufbau.de\/index.php?rest_route=%2Fwp%2Fv2%2Fmedia&parent=421"}],"wp:term":[{"taxonomy":"category","embeddable":true,"href":"http:\/\/roter-aufbau.de\/index.php?rest_route=%2Fwp%2Fv2%2Fcategories&post=421"},{"taxonomy":"post_tag","embeddable":true,"href":"http:\/\/roter-aufbau.de\/index.php?rest_route=%2Fwp%2Fv2%2Ftags&post=421"}],"curies":[{"name":"wp","href":"https:\/\/api.w.org\/{rel}","templated":true}]}}