{"id":537,"date":"2019-11-05T21:06:57","date_gmt":"2019-11-05T20:06:57","guid":{"rendered":"http:\/\/roter-aufbau.de\/?p=537"},"modified":"2020-02-14T21:07:48","modified_gmt":"2020-02-14T20:07:48","slug":"ereignisse-in-thueringen","status":"publish","type":"post","link":"http:\/\/roter-aufbau.de\/?p=537","title":{"rendered":"Ereignisse in Th\u00fcringen"},"content":{"rendered":"\n<p>\n\nDie Ereignisse in Th\u00fcringen sollten einen zum Gr\u00fcbeln bringen, denn da geht gerade ein Teil der Konservativen auf den v\u00f6lkischen Fl\u00fcgel der AFD zu und m\u00f6chte \u00fcber eine Zusammenarbeit sondieren. Klar kann man die aktuellen Ereignisse nicht mit den 30er Jahren direkt vergleichen, aber man sollte sich dennoch vor Augen f\u00fchren, dass damals Hindenburg mit den Stimmen von SPD und den Konservativen zum Reichspr\u00e4sidenten gew\u00e4hlt wurde, der wiederum Hitler zum Reichskanzler ernannt hat.<br>Die Faschisten haben die Macht von den Vertretern der heutigen b\u00fcrgerlichen Demokratie quasi vor die F\u00fc\u00dfe bekommen. Deshalb kann ein konsequenter Antifaschismus auch nur gegen diese Kr\u00e4fte gef\u00fchrt werden. Die Alternative ist auch nicht die Koalition von einem Sozialdemokraten Ramelow mit der CDU, sondern eben der Bruch mit der herrschenden Politik und der Aufbau von realen Gegenmachtstrukturen, denn kein Parlamentarier wird uns befreien, dies m\u00fcssen wir schon selber tun!<\/p>\n","protected":false},"excerpt":{"rendered":"<p>Die Ereignisse in Th\u00fcringen sollten einen zum Gr\u00fcbeln bringen, denn da geht gerade ein Teil der Konservativen auf den v\u00f6lkischen Fl\u00fcgel der AFD zu und&#8230;<\/p>\n<div class=\"more-link-wrapper\"><a class=\"more-link\" href=\"http:\/\/roter-aufbau.de\/?p=537\">Weiterlesen<span class=\"screen-reader-text\">Ereignisse in Th\u00fcringen<\/span><\/a><\/div>\n","protected":false},"author":1,"featured_media":539,"comment_status":"closed","ping_status":"open","sticky":false,"template":"","format":"standard","meta":{"footnotes":""},"categories":[30,35],"tags":[],"class_list":["post-537","post","type-post","status-publish","format-standard","has-post-thumbnail","hentry","category-antifa","category-streetart","entry"],"_links":{"self":[{"href":"http:\/\/roter-aufbau.de\/index.php?rest_route=\/wp\/v2\/posts\/537","targetHints":{"allow":["GET"]}}],"collection":[{"href":"http:\/\/roter-aufbau.de\/index.php?rest_route=\/wp\/v2\/posts"}],"about":[{"href":"http:\/\/roter-aufbau.de\/index.php?rest_route=\/wp\/v2\/types\/post"}],"author":[{"embeddable":true,"href":"http:\/\/roter-aufbau.de\/index.php?rest_route=\/wp\/v2\/users\/1"}],"replies":[{"embeddable":true,"href":"http:\/\/roter-aufbau.de\/index.php?rest_route=%2Fwp%2Fv2%2Fcomments&post=537"}],"version-history":[{"count":1,"href":"http:\/\/roter-aufbau.de\/index.php?rest_route=\/wp\/v2\/posts\/537\/revisions"}],"predecessor-version":[{"id":540,"href":"http:\/\/roter-aufbau.de\/index.php?rest_route=\/wp\/v2\/posts\/537\/revisions\/540"}],"wp:featuredmedia":[{"embeddable":true,"href":"http:\/\/roter-aufbau.de\/index.php?rest_route=\/wp\/v2\/media\/539"}],"wp:attachment":[{"href":"http:\/\/roter-aufbau.de\/index.php?rest_route=%2Fwp%2Fv2%2Fmedia&parent=537"}],"wp:term":[{"taxonomy":"category","embeddable":true,"href":"http:\/\/roter-aufbau.de\/index.php?rest_route=%2Fwp%2Fv2%2Fcategories&post=537"},{"taxonomy":"post_tag","embeddable":true,"href":"http:\/\/roter-aufbau.de\/index.php?rest_route=%2Fwp%2Fv2%2Ftags&post=537"}],"curies":[{"name":"wp","href":"https:\/\/api.w.org\/{rel}","templated":true}]}}