{"id":589,"date":"2020-04-13T13:19:28","date_gmt":"2020-04-13T11:19:28","guid":{"rendered":"http:\/\/roter-aufbau.de\/?p=589"},"modified":"2020-04-13T13:19:28","modified_gmt":"2020-04-13T11:19:28","slug":"krank-ist-das-system-heraus-zum-revolutionaeren-1-mai","status":"publish","type":"post","link":"http:\/\/roter-aufbau.de\/?p=589","title":{"rendered":"Krank ist das System! Heraus zum revolution\u00e4ren 1.Mai!"},"content":{"rendered":"<p>Aktuell dominieren die Schreckensmeldungen \u00fcber Corona die Medien. In den USA werden Massengr\u00e4ber ausgehoben. In Deutschland versucht man durch Ausgangsbeschr\u00e4nkungen und Einschr\u00e4nkungen des \u00f6ffentlichen Lebens Herr \u00fcber die Lage zu werden. W\u00e4hrend die Bev\u00f6lkerung darauf eingeschworen wird, zuhause zu bleiben, m\u00fcssen viele Menschen immer noch zur Arbeit. Eingepfercht in den Betrieben sollen wir arbeiten, aber drau\u00dfen d\u00fcrfen wir uns nicht mit mehr als einer weiteren Person bewegen. So wird die Last der Coronakrise auf die Privatsph\u00e4re verschoben, w\u00e4hrend Profite weiter sprudeln sollen. Auch wenn der weitere Verlauf der Coronakrise schwer vorherzusehen ist, muss uns klar sein, dass dieses kapitalistische System krank ist und nicht im Interesse der Mehrheit handelt, sondern die Profite und die Herrschaft der Minderheit der Reichen sch\u00fctzt.<\/p>\n<p><strong>Krank ist das Gesundheitssystem\u00a0<\/strong><\/p>\n<p>Es ist leider kein Wunder, dass dem Gesundheitssystem ein Kollaps droht: Warum? Weil unsere Gesundheit schon seit langem haupts\u00e4chlich ein Gesch\u00e4ft ist. Seit Jahrzehnten haben alle Regierungen die Privatisierung und neoliberale Ausrichtung der Gesundheitsversorgung angetrieben. Krankenh\u00e4user \u2013 ob privat, \u00f6ffentlich oder kirchlich \u2013 m\u00fcssen Profit f\u00fcr ihre Eigent\u00fcmer abwerfen. Teure Pl\u00e4tze auf Intensivstationen wurden daher abgebaut und ganze Krankenh\u00e4user geschlossen. Schon vor der jetzigen Pandemie haben tausende IntensivpflegerInnen gefehlt, weshalb immer weniger medizinisches Personal zu geringen L\u00f6hnen immer mehr PatientInnen versorgen musste. In einem der reichsten L\u00e4nder der Welt stehen wir dem Virus deshalb mit einem Gesundheitssystem gegen\u00fcber, das schon in \u201enormalen\u201c Zeiten am Rande der \u00dcberlastung steht. Davon profitiert haben die Aktion\u00e4re der gro\u00dfen Pharmakonzerne und privaten Krankenhausbetreiber.<\/p>\n<p><strong>Krank ist die Gesellschaft<\/strong><\/p>\n<p>Das Leben f\u00fcr Menschen mit Migrationshintergrund wird zunehmend h\u00e4rter. Neben dem institutionellen Rassismus werden sie auch immer mehr zum Ziel von Rechtsterroristen. W\u00e4hrend Rassisten in Parlamenten und Talkshows ihre Hetze propagieren k\u00f6nnen, f\u00fchlen sich Faschisten ermuntert und jagen Menschen, die nicht in ihr Weltbild passen. Die Sicherheitsbeh\u00f6rden sind selbst ein Teil des Problems, weil sie selber Racial Profiling betreiben und durchsetzt mit rechten Strukturen sind. Hanau und Halle werden in das kollektive Bewusstsein einer ganzen Generation \u00fcbergehen. Die leeren Worte der Politiker sind schon vergessen, bleiben wird die Ohnmacht und die Angst, zum Opfer gemacht zu werden.<\/p>\n<p><strong>Krank ist die Natur<\/strong><\/p>\n<p>Die Klimaerw\u00e4rmung ist zwar nicht mehr in den Medien, aber dennoch ist es eines der gr\u00f6\u00dften Probleme unserer Zeit. Das Wirtschaftssystem hat die Natur durch seine Profitlogik ohne R\u00fccksicht auf die Zukunft misshandelt. Statt das Problem effektiv weltweit anzugehen, fallen die einzelnen Staaten sogar hinter ihre niedrigen Klimaziele zur\u00fcck. Der alles bestimmende Faktor ist die Konkurrenz und dies spiegelt sich auf auf nationaler Ebene wieder und macht ein gemeinsames Handeln unm\u00f6glich. Jeder will so wenig wie m\u00f6glich zu der L\u00f6sung des Problems beitragen und so viel wie m\u00f6glich aus der Natur auspressen, so r\u00fcckt die Erde immer weiter an den Rand der Unbewohnbarkeit.<\/p>\n<p><strong>Die Krankheit ist der Kapitalismus<\/strong><\/p>\n<p>Steigende Mieten, Arbeits\u00fcberlastung f\u00fcr die Einen \u2013 Hartz IV f\u00fcr die Anderen, weniger Lohn f\u00fcr Frauen, Kriege um Rohstoffe und eine Umwelt, die langsam aber sicher kollabiert: Der Kapitalismus hat f\u00fcr die meisten von uns bereits vor Corona mehr schlecht als recht funktioniert. Jetzt wird die Pandemie eine gigantische Wirtschaftskrise nach sich ziehen. Das Virus ist aber nicht der Ausl\u00f6ser, sondern eher ein Brandbeschleuniger. Schon zuvor hatte sich eine gro\u00dfe Weltwirtschaftskrise angedeutet.<\/p>\n<p>Die Herrschenden werden versuchen, die Folgen der Krise auf uns abzuw\u00e4lzen. Um den Widerstand dagegen zu ersticken, werden sie auch auf die Ma\u00dfnahmen zur\u00fcckgreifen, die jetzt zur Eind\u00e4mmung des Virus eingef\u00fchrt wurden: Versammlungsverbote, Handy\u00fcberwachung, Ausgangssperren usw.<\/p>\n<p>Alle Menschen, die sich bis jetzt engagiert und eingesetzt haben, d\u00fcrfen nicht stillhalten! Wir brauchen noch viele mehr! Wir m\u00fcssen Kontakte halten, neue Verbindungen herstellen, Erfahrungen austauschen und sammeln, unseren Mut und unsere Motivation nutzen. Wir sind keine Szene, kein Kl\u00fcngel und keine BesserwisserInnen, wir sind lohnabh\u00e4ngig wie der Gro\u00dfteil der Bev\u00f6lkerung und k\u00e4mpfen Tag f\u00fcr Tag mit den gleichen Problemen. Gerade in der sozialen Krise, in die wir aktuell hineingeworfen werden, werden unsere Gemeinsamkeiten sichtbar. Der Bruch mit diesem kranken System ist keine Phrasendrescherei, sondern die einzige Aussicht auf ein Leben in Gesundheit, Solidarit\u00e4t und Wohlstand \u2013 und das f\u00fcr alle!<\/p>\n<h1><strong>1.Mai | 20 Uhr | Reeperbahn<\/strong><\/h1>\n","protected":false},"excerpt":{"rendered":"<p>Aktuell dominieren die Schreckensmeldungen \u00fcber Corona die Medien. In den USA werden Massengr\u00e4ber ausgehoben. In Deutschland versucht man durch Ausgangsbeschr\u00e4nkungen und Einschr\u00e4nkungen des \u00f6ffentlichen Lebens&#8230;<\/p>\n<div class=\"more-link-wrapper\"><a class=\"more-link\" href=\"http:\/\/roter-aufbau.de\/?p=589\">Weiterlesen<span class=\"screen-reader-text\">Krank ist das System! Heraus zum revolution\u00e4ren 1.Mai!<\/span><\/a><\/div>\n","protected":false},"author":1,"featured_media":590,"comment_status":"closed","ping_status":"open","sticky":false,"template":"","format":"standard","meta":{"footnotes":""},"categories":[37,1,22,23,40],"tags":[],"class_list":["post-589","post","type-post","status-publish","format-standard","has-post-thumbnail","hentry","category-1-mai","category-allgemein","category-hamburg","category-startseite","category-veranstaltungen","entry"],"_links":{"self":[{"href":"http:\/\/roter-aufbau.de\/index.php?rest_route=\/wp\/v2\/posts\/589","targetHints":{"allow":["GET"]}}],"collection":[{"href":"http:\/\/roter-aufbau.de\/index.php?rest_route=\/wp\/v2\/posts"}],"about":[{"href":"http:\/\/roter-aufbau.de\/index.php?rest_route=\/wp\/v2\/types\/post"}],"author":[{"embeddable":true,"href":"http:\/\/roter-aufbau.de\/index.php?rest_route=\/wp\/v2\/users\/1"}],"replies":[{"embeddable":true,"href":"http:\/\/roter-aufbau.de\/index.php?rest_route=%2Fwp%2Fv2%2Fcomments&post=589"}],"version-history":[{"count":1,"href":"http:\/\/roter-aufbau.de\/index.php?rest_route=\/wp\/v2\/posts\/589\/revisions"}],"predecessor-version":[{"id":591,"href":"http:\/\/roter-aufbau.de\/index.php?rest_route=\/wp\/v2\/posts\/589\/revisions\/591"}],"wp:featuredmedia":[{"embeddable":true,"href":"http:\/\/roter-aufbau.de\/index.php?rest_route=\/wp\/v2\/media\/590"}],"wp:attachment":[{"href":"http:\/\/roter-aufbau.de\/index.php?rest_route=%2Fwp%2Fv2%2Fmedia&parent=589"}],"wp:term":[{"taxonomy":"category","embeddable":true,"href":"http:\/\/roter-aufbau.de\/index.php?rest_route=%2Fwp%2Fv2%2Fcategories&post=589"},{"taxonomy":"post_tag","embeddable":true,"href":"http:\/\/roter-aufbau.de\/index.php?rest_route=%2Fwp%2Fv2%2Ftags&post=589"}],"curies":[{"name":"wp","href":"https:\/\/api.w.org\/{rel}","templated":true}]}}