{"id":657,"date":"2020-07-22T10:18:24","date_gmt":"2020-07-22T08:18:24","guid":{"rendered":"http:\/\/roter-aufbau.de\/?p=657"},"modified":"2020-07-22T10:18:24","modified_gmt":"2020-07-22T08:18:24","slug":"linke-politik-verteidigen","status":"publish","type":"post","link":"http:\/\/roter-aufbau.de\/?p=657","title":{"rendered":"Linke Politik verteidigen!"},"content":{"rendered":"<div id=\"magicdomid242\" class=\"ace-line\"><span class=\"author-a-wxz75zr1sz82zz90zz75zuc68z68z4u\">Es ist wieder soweit, dass Menschen durch rechten Terror gen\u00f6tigt werden, ihre Gesch\u00e4fte zu schlie\u00dfen und aus Burg wegzuziehen. Vor ca. 5 Monaten drangen ein<\/span><span class=\"author-a-z68zh4pz71zz88zz65zz87zi8kz122zz79zz67z1y\">\/e<\/span><span class=\"author-a-wxz75zr1sz82zz90zz75zuc68z68z4u\"> oder mehrere T\u00e4ter<\/span><span class=\"author-a-z68zh4pz71zz88zz65zz87zi8kz122zz79zz67z1y\">Innen<\/span><span class=\"author-a-wxz75zr1sz82zz90zz75zuc68z68z4u\"> in ein Arabisches Lebensmittelgesch\u00e4ft in Burg ein<\/span><span class=\"author-a-z68zh4pz71zz88zz65zz87zi8kz122zz79zz67z1y\"> und<\/span><span class=\"author-a-wxz75zr1sz82zz90zz75zuc68z68z4u\"> verteil<\/span><span class=\"author-a-z68zh4pz71zz88zz65zz87zi8kz122zz79zz67z1y\">t<\/span><span class=\"author-a-wxz75zr1sz82zz90zz75zuc68z68z4u\">en mehrere Liter Dieselkraftstoff \u00fcber das Inventar und die gesamten\u00a0 Lebensmittel. Da<\/span><span class=\"author-a-z68zh4pz71zz88zz65zz87zi8kz122zz79zz67z1y\">s<\/span><span class=\"author-a-wxz75zr1sz82zz90zz75zuc68z68z4u\">s es nicht zu <\/span><span class=\"author-a-z68zh4pz71zz88zz65zz87zi8kz122zz79zz67z1y\">dem offensichtlich beabsichtigten<\/span><span class=\"author-a-wxz75zr1sz82zz90zz75zuc68z68z4u\"> Brand <\/span><span class=\"author-a-z68zh4pz71zz88zz65zz87zi8kz122zz79zz67z1y\">gekommen ist<\/span><span class=\"author-a-wxz75zr1sz82zz90zz75zuc68z68z4u\">, gleicht einem Wunder. Die T\u00e4ter<\/span><span class=\"author-a-z68zh4pz71zz88zz65zz87zi8kz122zz79zz67z1y\">Innen<\/span><span class=\"author-a-wxz75zr1sz82zz90zz75zuc68z68z4u\"> wurden bis heute nicht ermittelt und <\/span><span class=\"author-a-z68zh4pz71zz88zz65zz87zi8kz122zz79zz67z1y\">\u00fcberhaupt<\/span><span class=\"author-a-wxz75zr1sz82zz90zz75zuc68z68z4u\"> scheint es, als w\u00fcrde diese fremdenfeindliche Tat bei den Ermittlungsbeh\u00f6rden als eine Lappalie abgetan werden.\u00a0<\/span><\/div>\n<div id=\"magicdomid151\" class=\"ace-line\"><\/div>\n<div id=\"magicdomid157\" class=\"ace-line\"><span class=\"author-a-wxz75zr1sz82zz90zz75zuc68z68z4u\">Am 11. Juli drangen Polizisten unter<\/span><span class=\"author-a-z68zh4pz71zz88zz65zz87zi8kz122zz79zz67z1y\"> einem<\/span><span class=\"author-a-wxz75zr1sz82zz90zz75zuc68z68z4u\"> fadenscheinigem Vorwand in das Linke Zentrum ein. Die schon gewohnte Schikane wurde darin \u00fcbertroffen, dass verschlossene T\u00fcren aufgetreten und Holzverkleidungen von den W\u00e4nden gerissen wurde, wodurch ein erheblicher Schaden entstand. In de<\/span><span class=\"author-a-z68zh4pz71zz88zz65zz87zi8kz122zz79zz67z1y\">r<\/span> <span class=\"author-a-z68zh4pz71zz88zz65zz87zi8kz122zz79zz67z1y\">etwa<\/span><span class=\"author-a-wxz75zr1sz82zz90zz75zuc68z68z4u\"> eineinhalb<\/span><span class=\"author-a-z68zh4pz71zz88zz65zz87zi8kz122zz79zz67z1y\">st\u00fcndingen <\/span><span class=\"author-a-wxz75zr1sz82zz90zz75zuc68z68z4u\">Durchsuchung wurden Banner, Mobimaterial (Plakate und Flyer), Bastelmaterial, Farbe und einiges mehr beschlagnahmt. Der wahre Grund f\u00fcr die Durchsuchung sind wohl die seit einigen Wochen andauernden antifaschistischen Spazierg\u00e4nge und das \u00f6ffentliche Auftreten in der Stadt.<\/span><\/div>\n<div id=\"magicdomid158\" class=\"ace-line\"><span class=\"author-a-wxz75zr1sz82zz90zz75zuc68z68z4u\">\u00a0<\/span><\/div>\n<div id=\"magicdomid156\" class=\"ace-line\"><span class=\"author-a-z68zh4pz71zz88zz65zz87zi8kz122zz79zz67z1y\">Mal wieder zeigt sich auch hier, dass die Polizei auf dem rechten Auge nicht nur blind ist, sondern zu allem \u00dcberfluss jene Menschen verfolgt, die sich gegen rechte Gewalt und f\u00fcr eine bessere Welt einsetzen.\u00a0<\/span><\/div>\n<div id=\"magicdomid189\" class=\"ace-line\"><span class=\"author-a-wxz75zr1sz82zz90zz75zuc68z68z4u\">Auch wurde mit der erneuten Razzia der Druck auf die Eigent\u00fcmerin <\/span><span class=\"author-a-z68zh4pz71zz88zz65zz87zi8kz122zz79zz67z1y\">der Immobilie derma\u00dfen<\/span><span class=\"author-a-wxz75zr1sz82zz90zz75zuc68z68z4u\"> erh\u00f6ht, dass sie uns die Duldung in den R\u00e4umen entziehen will und wir nach jetzige<\/span><span class=\"author-a-z68zh4pz71zz88zz65zz87zi8kz122zz79zz67z1y\">m<\/span><span class=\"author-a-wxz75zr1sz82zz90zz75zuc68z68z4u\"> Stand das Zentrum<\/span><span class=\"author-a-z68zh4pz71zz88zz65zz87zi8kz122zz79zz67z1y\"> somit<\/span><span class=\"author-a-wxz75zr1sz82zz90zz75zuc68z68z4u\"> verlassen m\u00fcssen.\u00a0<\/span><\/div>\n<div id=\"magicdomid235\" class=\"ace-line\"><span class=\"author-a-wxz75zr1sz82zz90zz75zuc68z68z4u\">Klar ist <\/span><span class=\"author-a-z68zh4pz71zz88zz65zz87zi8kz122zz79zz67z1y\">f\u00fcr uns,<\/span><span class=\"author-a-wxz75zr1sz82zz90zz75zuc68z68z4u\"> dass wir uns von dem erneuten Angriff auf unser Zentrum sowie auf unseren Strukturen nicht einsch\u00fcchtern lassen. Antifaschistische und Linke Politik sind besonders in Zeiten von Rechtsruck, faschistischer Terrorzellen in den Sicherheitsbeh\u00f6rden und einer<\/span><span class=\"author-a-z68zh4pz71zz88zz65zz87zi8kz122zz79zz67z1y\"> sich<\/span><span class=\"author-a-wxz75zr1sz82zz90zz75zuc68z68z4u\"> zuspitzenden Weltwirtschaftskrise<\/span><span class=\"author-a-z68zh4pz71zz88zz65zz87zi8kz122zz79zz67z1y\"> nicht blo\u00df <\/span><span class=\"author-a-wxz75zr1sz82zz90zz75zuc68z68z4u\">legitim<\/span><span class=\"author-a-z68zh4pz71zz88zz65zz87zi8kz122zz79zz67z1y\">, sondern<\/span><span class=\"author-a-wxz75zr1sz82zz90zz75zuc68z68z4u\"> notwendig<\/span><span class=\"author-a-z68zh4pz71zz88zz65zz87zi8kz122zz79zz67z1y\">!<\/span><span class=\"author-a-wxz75zr1sz82zz90zz75zuc68z68z4u\">\u00a0<\/span><\/div>\n<div id=\"magicdomid236\" class=\"ace-line\"><span class=\"author-a-wxz75zr1sz82zz90zz75zuc68z68z4u\">Daran werden auch die Handlanger der Klassenjustiz<\/span><span class=\"author-a-z68zh4pz71zz88zz65zz87zi8kz122zz79zz67z1y\"> und ihre repressiven Methoden jeglicher Art <\/span><span class=\"author-a-wxz75zr1sz82zz90zz75zuc68z68z4u\">nichts \u00e4ndern. Unser Kampf gegen Ausbeutung und Unterdr\u00fcckung geht weiter!<\/span><\/div>\n<div id=\"magicdomid25\" class=\"ace-line\"><\/div>\n<div id=\"magicdomid237\" class=\"ace-line\"><span class=\"author-a-wxz75zr1sz82zz90zz75zuc68z68z4u\"><em>Gemeinsam auf die Stra\u00dfe gegen staatliche Repression und faschistischen Terror!<\/em><\/p>\n<p><\/span><strong>Demonstration<\/strong><br \/>\n<strong>25.7. um 14 Uhr Bahnhofsvorplatz in Burg<\/p>\n<p>Anreise aus Hamburg<br \/>\n25.7. um 9:30 Uhr Reisezentrum (HBF)<\/strong><\/div>\n","protected":false},"excerpt":{"rendered":"<p>Es ist wieder soweit, dass Menschen durch rechten Terror gen\u00f6tigt werden, ihre Gesch\u00e4fte zu schlie\u00dfen und aus Burg wegzuziehen. Vor ca. 5 Monaten drangen ein\/e&#8230;<\/p>\n<div class=\"more-link-wrapper\"><a class=\"more-link\" href=\"http:\/\/roter-aufbau.de\/?p=657\">Weiterlesen<span class=\"screen-reader-text\">Linke Politik verteidigen!<\/span><\/a><\/div>\n","protected":false},"author":1,"featured_media":658,"comment_status":"closed","ping_status":"open","sticky":false,"template":"","format":"standard","meta":{"footnotes":""},"categories":[30,25,23],"tags":[],"class_list":["post-657","post","type-post","status-publish","format-standard","has-post-thumbnail","hentry","category-antifa","category-burg","category-startseite","entry"],"_links":{"self":[{"href":"http:\/\/roter-aufbau.de\/index.php?rest_route=\/wp\/v2\/posts\/657","targetHints":{"allow":["GET"]}}],"collection":[{"href":"http:\/\/roter-aufbau.de\/index.php?rest_route=\/wp\/v2\/posts"}],"about":[{"href":"http:\/\/roter-aufbau.de\/index.php?rest_route=\/wp\/v2\/types\/post"}],"author":[{"embeddable":true,"href":"http:\/\/roter-aufbau.de\/index.php?rest_route=\/wp\/v2\/users\/1"}],"replies":[{"embeddable":true,"href":"http:\/\/roter-aufbau.de\/index.php?rest_route=%2Fwp%2Fv2%2Fcomments&post=657"}],"version-history":[{"count":1,"href":"http:\/\/roter-aufbau.de\/index.php?rest_route=\/wp\/v2\/posts\/657\/revisions"}],"predecessor-version":[{"id":659,"href":"http:\/\/roter-aufbau.de\/index.php?rest_route=\/wp\/v2\/posts\/657\/revisions\/659"}],"wp:featuredmedia":[{"embeddable":true,"href":"http:\/\/roter-aufbau.de\/index.php?rest_route=\/wp\/v2\/media\/658"}],"wp:attachment":[{"href":"http:\/\/roter-aufbau.de\/index.php?rest_route=%2Fwp%2Fv2%2Fmedia&parent=657"}],"wp:term":[{"taxonomy":"category","embeddable":true,"href":"http:\/\/roter-aufbau.de\/index.php?rest_route=%2Fwp%2Fv2%2Fcategories&post=657"},{"taxonomy":"post_tag","embeddable":true,"href":"http:\/\/roter-aufbau.de\/index.php?rest_route=%2Fwp%2Fv2%2Ftags&post=657"}],"curies":[{"name":"wp","href":"https:\/\/api.w.org\/{rel}","templated":true}]}}