{"id":737,"date":"2021-04-15T12:53:13","date_gmt":"2021-04-15T10:53:13","guid":{"rendered":"https:\/\/roter-aufbau.de\/?p=737"},"modified":"2021-04-15T12:53:13","modified_gmt":"2021-04-15T10:53:13","slug":"info-aktionen-fuer-den-revolutionaeren-1-mai","status":"publish","type":"post","link":"http:\/\/roter-aufbau.de\/?p=737","title":{"rendered":"Info-Aktionen f\u00fcr den revolution\u00e4ren 1. Mai"},"content":{"rendered":"<p>Die 1. Mai Kampagne startet mit viele Aktionen schon im April. W\u00e4hrend die Herrschenden Ausgangssperren verk\u00fcnden, machen Hamburger Gruppen deutlich, dass sie nicht weniger, sondern mehr auf die Stra\u00dfe gehen werden.Es finden \u00fcber 10 Aktionen in verschiedenen Stadtteilen als Mobilisierung im April schon statt, H\u00f6hepunkt der Mobi wird sicherlich das Klassenfest am 30.4. sein. Es wird ein Hygienekonzept geben, welches neben einem Livestream auch ein richtiges Klassenfest vor Ort erm\u00f6glichen wird.<\/p>\n<p>Info-Aktionen:<\/p>\n<p><img loading=\"lazy\" decoding=\"async\" class=\"alignnone size-medium wp-image-738\" src=\"http:\/\/roter-aufbau.de\/wp-content\/uploads\/2021\/04\/i1-281x300.jpg\" alt=\"\" width=\"281\" height=\"300\" srcset=\"http:\/\/roter-aufbau.de\/wp-content\/uploads\/2021\/04\/i1-281x300.jpg 281w, http:\/\/roter-aufbau.de\/wp-content\/uploads\/2021\/04\/i1-960x1024.jpg 960w, http:\/\/roter-aufbau.de\/wp-content\/uploads\/2021\/04\/i1-768x819.jpg 768w, http:\/\/roter-aufbau.de\/wp-content\/uploads\/2021\/04\/i1-250x267.jpg 250w, http:\/\/roter-aufbau.de\/wp-content\/uploads\/2021\/04\/i1.jpg 1350w\" sizes=\"auto, (max-width: 281px) 100vw, 281px\" \/><\/p>\n<p><img loading=\"lazy\" decoding=\"async\" class=\"alignnone size-medium wp-image-739\" src=\"http:\/\/roter-aufbau.de\/wp-content\/uploads\/2021\/04\/i2-281x300.jpg\" alt=\"\" width=\"281\" height=\"300\" srcset=\"http:\/\/roter-aufbau.de\/wp-content\/uploads\/2021\/04\/i2-281x300.jpg 281w, http:\/\/roter-aufbau.de\/wp-content\/uploads\/2021\/04\/i2-960x1024.jpg 960w, http:\/\/roter-aufbau.de\/wp-content\/uploads\/2021\/04\/i2-768x819.jpg 768w, http:\/\/roter-aufbau.de\/wp-content\/uploads\/2021\/04\/i2-250x267.jpg 250w, http:\/\/roter-aufbau.de\/wp-content\/uploads\/2021\/04\/i2.jpg 1350w\" sizes=\"auto, (max-width: 281px) 100vw, 281px\" \/><\/p>\n<p>3.4. &#8211; Samstag<\/p>\n<p>13 Uhr Hansaplatz<\/p>\n<p>Proletarische Jugend Hamburg mit Antifa Norderelbe<\/p>\n<p>&nbsp;<\/p>\n<p>10.4. &#8211; Samstag<\/p>\n<p>13 Uhr Hans-Albers-Platz<\/p>\n<p>Proletarische Jugend Hamburg<\/p>\n<p>&nbsp;<\/p>\n<p>12.4. &#8211; Montag<\/p>\n<p>15-18 Uhr U-Horner Rennbahn<\/p>\n<p>Feministische Antifa Hamburg<\/p>\n<p>&nbsp;<\/p>\n<p>15.4. &#8211; Donnerstag<\/p>\n<p>16-18 Uhr S-Veddel<\/p>\n<p>Waterkant Antifa<\/p>\n<p>&nbsp;<\/p>\n<p>17.4. &#8211; Samstag<\/p>\n<p>13 Uhr Billstedter Marktplatz<\/p>\n<p>Proletarische Jugend Hamburg<\/p>\n<p>&nbsp;<\/p>\n<p>19 Uhr Arrivati Park<\/p>\n<p>Antifa Norderelbe<\/p>\n<p>&nbsp;<\/p>\n<p>22.4. &#8211; Donnerstag<\/p>\n<p>16-18 Uhr S-Wilhelmsburg<\/p>\n<p>Waterkant Antifa<\/p>\n<p>&nbsp;<\/p>\n<p>24.4. &#8211; Samstag<\/p>\n<p>13 Uhr BHF Bergedorf<\/p>\n<p>Proletarische Jugend Hamburg<\/p>\n<p>&nbsp;<\/p>\n<p>16 Uhr BHF Altona<\/p>\n<p>Kollektiv Soziale K\u00e4mpfe<\/p>\n<p>&nbsp;<\/p>\n<p>26.4. &#8211; Montag<\/p>\n<p>15-18 Uhr S-Landungsbr\u00fccken<\/p>\n<p>Feministische Antifa Hamburg<\/p>\n<p>&nbsp;<\/p>\n<p>29.4. &#8211; Donnerstag<\/p>\n<p>16-18 Uhr S-Wandsbeker Chaussee<\/p>\n<p>Waterkant Antifa<\/p>\n<p>&nbsp;<\/p>\n<p>30.4. Freitag<\/p>\n<p>16 Uhr S-Sternschanze<\/p>\n<p>Klassenfest<\/p>\n<p>&nbsp;<\/p>\n<p>1.Mai Samstag<\/p>\n<p>Demonstration<\/p>\n<p>18 Uhr Hauptbahnhof<\/p>\n","protected":false},"excerpt":{"rendered":"<p>Die 1. Mai Kampagne startet mit viele Aktionen schon im April. W\u00e4hrend die Herrschenden Ausgangssperren verk\u00fcnden, machen Hamburger Gruppen deutlich, dass sie nicht weniger, sondern&#8230;<\/p>\n<div class=\"more-link-wrapper\"><a class=\"more-link\" href=\"http:\/\/roter-aufbau.de\/?p=737\">Weiterlesen<span class=\"screen-reader-text\">Info-Aktionen f\u00fcr den revolution\u00e4ren 1. Mai<\/span><\/a><\/div>\n","protected":false},"author":1,"featured_media":738,"comment_status":"closed","ping_status":"open","sticky":false,"template":"","format":"standard","meta":{"footnotes":""},"categories":[37,1,42,22,38,33,23,35,40],"tags":[],"class_list":["post-737","post","type-post","status-publish","format-standard","has-post-thumbnail","hentry","category-1-mai","category-allgemein","category-antirepression","category-hamburg","category-kampagnen","category-klassenkampf","category-startseite","category-streetart","category-veranstaltungen","entry"],"_links":{"self":[{"href":"http:\/\/roter-aufbau.de\/index.php?rest_route=\/wp\/v2\/posts\/737","targetHints":{"allow":["GET"]}}],"collection":[{"href":"http:\/\/roter-aufbau.de\/index.php?rest_route=\/wp\/v2\/posts"}],"about":[{"href":"http:\/\/roter-aufbau.de\/index.php?rest_route=\/wp\/v2\/types\/post"}],"author":[{"embeddable":true,"href":"http:\/\/roter-aufbau.de\/index.php?rest_route=\/wp\/v2\/users\/1"}],"replies":[{"embeddable":true,"href":"http:\/\/roter-aufbau.de\/index.php?rest_route=%2Fwp%2Fv2%2Fcomments&post=737"}],"version-history":[{"count":1,"href":"http:\/\/roter-aufbau.de\/index.php?rest_route=\/wp\/v2\/posts\/737\/revisions"}],"predecessor-version":[{"id":740,"href":"http:\/\/roter-aufbau.de\/index.php?rest_route=\/wp\/v2\/posts\/737\/revisions\/740"}],"wp:featuredmedia":[{"embeddable":true,"href":"http:\/\/roter-aufbau.de\/index.php?rest_route=\/wp\/v2\/media\/738"}],"wp:attachment":[{"href":"http:\/\/roter-aufbau.de\/index.php?rest_route=%2Fwp%2Fv2%2Fmedia&parent=737"}],"wp:term":[{"taxonomy":"category","embeddable":true,"href":"http:\/\/roter-aufbau.de\/index.php?rest_route=%2Fwp%2Fv2%2Fcategories&post=737"},{"taxonomy":"post_tag","embeddable":true,"href":"http:\/\/roter-aufbau.de\/index.php?rest_route=%2Fwp%2Fv2%2Ftags&post=737"}],"curies":[{"name":"wp","href":"https:\/\/api.w.org\/{rel}","templated":true}]}}