{"id":744,"date":"2021-04-15T13:00:00","date_gmt":"2021-04-15T11:00:00","guid":{"rendered":"https:\/\/roter-aufbau.de\/?p=744"},"modified":"2021-04-15T13:00:00","modified_gmt":"2021-04-15T11:00:00","slug":"1-mai-zeitung-2021","status":"publish","type":"post","link":"http:\/\/roter-aufbau.de\/?p=744","title":{"rendered":"1. Mai &#8211; Zeitung 2021"},"content":{"rendered":"<p>Hier unsere diesj\u00e4hrige Zeitung zum Revolution\u00e4ren 1. Mai:<\/p>\n<p><a href=\"https:\/\/perspektive-kommunismus.org\/wp-content\/uploads\/2021\/04\/PK%20-%20Maizeitung21.pdf\">Zeitung f\u00fcr Klassenkampf und Revolution \u2013 F\u00fcr eine Zukunft ohne Krisen<\/a><\/p>\n<p>In den Artikeln werfen einen Blick auf die <a href=\"https:\/\/perspektive-kommunismus.org\/2021\/04\/10\/ein-ende-der-krise-nur-wenn-wir-es-gemeinsam-erkaempfen\/\">unterschiedlichen Klasseninteressen<\/a>, die in der Krisenentwicklung immer deutlicher zum Vorschein kommen, auf die aktuelle <a href=\"https:\/\/perspektive-kommunismus.org\/2021\/04\/11\/arbeitskampf-jetzt-wird-gestreikt\/\">Bedeutung von Arbeitsk\u00e4mpfen<\/a>und auf die <a href=\"https:\/\/perspektive-kommunismus.org\/2021\/04\/11\/7096\/\">Krise im Sozial- und Gesundheitswesen<\/a>, die insbesondere auf dem R\u00fccken von lohnabh\u00e4ngigen Frauen ausgetragen wird. Au\u00dferdem befassen wir uns mit der gef\u00e4hrlichen <a href=\"https:\/\/perspektive-kommunismus.org\/2021\/04\/12\/die-folgen-des-tesla-kapitalismus-fuer-arbeiterinnen-und-umwelt\/\">Illusion einer gr\u00fcnen Profitwirtschaft<\/a> und\u00a0 den rechten Ambitionen der <a href=\"https:\/\/perspektive-kommunismus.org\/2021\/04\/12\/einzelfaelle-am-laufenden-band-polizeiproblem\/\">Problembeh\u00f6rde Polizei<\/a>. Einen Blick zur\u00fcck werfen wir mit Beitr\u00e4gen zum revolution\u00e4ren Aufstand der Pariser Kommune vor 150 Jahren und zum Kampf gegen das Abtreibungsverbot in Deutschland, der ebenfalls seit 150 Jahren an der Tagesordnung ist.<\/p>\n","protected":false},"excerpt":{"rendered":"<p>Hier unsere diesj\u00e4hrige Zeitung zum Revolution\u00e4ren 1. Mai: Zeitung f\u00fcr Klassenkampf und Revolution \u2013 F\u00fcr eine Zukunft ohne Krisen In den Artikeln werfen einen Blick&#8230;<\/p>\n<div class=\"more-link-wrapper\"><a class=\"more-link\" href=\"http:\/\/roter-aufbau.de\/?p=744\">Weiterlesen<span class=\"screen-reader-text\">1. Mai &#8211; Zeitung 2021<\/span><\/a><\/div>\n","protected":false},"author":1,"featured_media":745,"comment_status":"closed","ping_status":"open","sticky":false,"template":"","format":"standard","meta":{"footnotes":""},"categories":[37,39,33,23],"tags":[],"class_list":["post-744","post","type-post","status-publish","format-standard","has-post-thumbnail","hentry","category-1-mai","category-bildung","category-klassenkampf","category-startseite","entry"],"_links":{"self":[{"href":"http:\/\/roter-aufbau.de\/index.php?rest_route=\/wp\/v2\/posts\/744","targetHints":{"allow":["GET"]}}],"collection":[{"href":"http:\/\/roter-aufbau.de\/index.php?rest_route=\/wp\/v2\/posts"}],"about":[{"href":"http:\/\/roter-aufbau.de\/index.php?rest_route=\/wp\/v2\/types\/post"}],"author":[{"embeddable":true,"href":"http:\/\/roter-aufbau.de\/index.php?rest_route=\/wp\/v2\/users\/1"}],"replies":[{"embeddable":true,"href":"http:\/\/roter-aufbau.de\/index.php?rest_route=%2Fwp%2Fv2%2Fcomments&post=744"}],"version-history":[{"count":1,"href":"http:\/\/roter-aufbau.de\/index.php?rest_route=\/wp\/v2\/posts\/744\/revisions"}],"predecessor-version":[{"id":746,"href":"http:\/\/roter-aufbau.de\/index.php?rest_route=\/wp\/v2\/posts\/744\/revisions\/746"}],"wp:featuredmedia":[{"embeddable":true,"href":"http:\/\/roter-aufbau.de\/index.php?rest_route=\/wp\/v2\/media\/745"}],"wp:attachment":[{"href":"http:\/\/roter-aufbau.de\/index.php?rest_route=%2Fwp%2Fv2%2Fmedia&parent=744"}],"wp:term":[{"taxonomy":"category","embeddable":true,"href":"http:\/\/roter-aufbau.de\/index.php?rest_route=%2Fwp%2Fv2%2Fcategories&post=744"},{"taxonomy":"post_tag","embeddable":true,"href":"http:\/\/roter-aufbau.de\/index.php?rest_route=%2Fwp%2Fv2%2Ftags&post=744"}],"curies":[{"name":"wp","href":"https:\/\/api.w.org\/{rel}","templated":true}]}}