{"id":844,"date":"2022-07-01T22:34:06","date_gmt":"2022-07-01T20:34:06","guid":{"rendered":"https:\/\/roter-aufbau.de\/?p=844"},"modified":"2022-10-21T22:35:27","modified_gmt":"2022-10-21T20:35:27","slug":"5-jahre-g20-zwischen-ohnmacht-und-gegenmacht","status":"publish","type":"post","link":"http:\/\/roter-aufbau.de\/?p=844","title":{"rendered":"5 Jahre G20 &#8211; Zwischen Ohnmacht und Gegenmacht"},"content":{"rendered":"<p>Olaf Scholz hatte vor f\u00fcnf Jahren versprochen, dass wir Hamburger:innen von diesem Gipfel nichts mitbekommen w\u00fcrden und es ein Fest der Demokratie werden wird. Real haben sie unsere Stadt in eine Festung f\u00fcr die Politikprominenz gemacht. Die Polizei \u00fcbernahm die Stadt und hatte relativ freie Hand durchzudrehen. Jeglicher Protest sollte im Blaulicht untergehen und durch Polizeikn\u00fcppeln verpr\u00fcgelt werden, so griff eine Polizeieinheit eine Demo am Rondenbarg an und nahm \u00fcber 50 Leute fest. Wie Kampfhunde auf Speed gingen sie auf uns los, verletzten uns und wir haben zum Teil immer noch mit den k\u00f6rperlichen und seelischen Verletzungen zu k\u00e4mpfen. G20 war aber auch die Selbsterm\u00e4chtigung von Protest auf der Stra\u00dfe trotz der \u00dcbermacht des Staates. Kein Polizist ist jemals f\u00fcr seine Taten verurteilt worden, dies hatte Olaf Scholz befohlen und die Justiz ist ihm gefolgt, w\u00e4hrend wir nach f\u00fcnf Jahren immer noch strafrechtlich f\u00fcr fadenscheinige Vorw\u00fcrfe verfolgt werden. Die seit Jahrzehnten gr\u00f6\u00dfte Verfolgungswelle gegen politische Strukturen war die lange Antwort des Staates auf den Gipfelprotest und zielt darauf ab den Roten Aufbau Hamburg zu verbieten.<\/p>\n<p>Nach f\u00fcnf Jahren berichtet ein Betroffener von Polizeigewalt und der politischer Klassenjustiz \u00fcber den Gipfel. Gemeinsam wollen wir dar\u00fcber diskutieren, wie man aus der Ohnmacht zur Gegenmacht kommt.<\/p>\n<p>8.7. um 20 Uhr im L\u00fcttje L\u00fc\u00fcd<\/p>\n","protected":false},"excerpt":{"rendered":"<p>Olaf Scholz hatte vor f\u00fcnf Jahren versprochen, dass wir Hamburger:innen von diesem Gipfel nichts mitbekommen w\u00fcrden und es ein Fest der Demokratie werden wird. Real&#8230;<\/p>\n<div class=\"more-link-wrapper\"><a class=\"more-link\" href=\"http:\/\/roter-aufbau.de\/?p=844\">Weiterlesen<span class=\"screen-reader-text\">5 Jahre G20 &#8211; Zwischen Ohnmacht und Gegenmacht<\/span><\/a><\/div>\n","protected":false},"author":1,"featured_media":845,"comment_status":"closed","ping_status":"open","sticky":false,"template":"","format":"standard","meta":{"footnotes":""},"categories":[42,34,22,33,40],"tags":[],"class_list":["post-844","post","type-post","status-publish","format-standard","has-post-thumbnail","hentry","category-antirepression","category-g20","category-hamburg","category-klassenkampf","category-veranstaltungen","entry"],"_links":{"self":[{"href":"http:\/\/roter-aufbau.de\/index.php?rest_route=\/wp\/v2\/posts\/844","targetHints":{"allow":["GET"]}}],"collection":[{"href":"http:\/\/roter-aufbau.de\/index.php?rest_route=\/wp\/v2\/posts"}],"about":[{"href":"http:\/\/roter-aufbau.de\/index.php?rest_route=\/wp\/v2\/types\/post"}],"author":[{"embeddable":true,"href":"http:\/\/roter-aufbau.de\/index.php?rest_route=\/wp\/v2\/users\/1"}],"replies":[{"embeddable":true,"href":"http:\/\/roter-aufbau.de\/index.php?rest_route=%2Fwp%2Fv2%2Fcomments&post=844"}],"version-history":[{"count":1,"href":"http:\/\/roter-aufbau.de\/index.php?rest_route=\/wp\/v2\/posts\/844\/revisions"}],"predecessor-version":[{"id":846,"href":"http:\/\/roter-aufbau.de\/index.php?rest_route=\/wp\/v2\/posts\/844\/revisions\/846"}],"wp:featuredmedia":[{"embeddable":true,"href":"http:\/\/roter-aufbau.de\/index.php?rest_route=\/wp\/v2\/media\/845"}],"wp:attachment":[{"href":"http:\/\/roter-aufbau.de\/index.php?rest_route=%2Fwp%2Fv2%2Fmedia&parent=844"}],"wp:term":[{"taxonomy":"category","embeddable":true,"href":"http:\/\/roter-aufbau.de\/index.php?rest_route=%2Fwp%2Fv2%2Fcategories&post=844"},{"taxonomy":"post_tag","embeddable":true,"href":"http:\/\/roter-aufbau.de\/index.php?rest_route=%2Fwp%2Fv2%2Ftags&post=844"}],"curies":[{"name":"wp","href":"https:\/\/api.w.org\/{rel}","templated":true}]}}