{"id":284,"date":"2018-06-14T15:35:31","date_gmt":"2018-06-14T13:35:31","guid":{"rendered":"http:\/\/roter-aufbau.de\/?p=284"},"modified":"2020-02-11T15:36:29","modified_gmt":"2020-02-11T14:36:29","slug":"alles-gute-comandante-che","status":"publish","type":"post","link":"https:\/\/roter-aufbau.de\/?p=284","title":{"rendered":"Alles Gute Comandante Che!"},"content":{"rendered":"\n<p>Vor 90 Jahren wurde der Kommunist Ernesto Rafael Guevara de la Serna (Che) in Rosario (Agentinien) geboren. <br><\/p>\n\n\n\n<p>Seine Ausf\u00fchrungen \u00fcber die Liebe zur Menschheit und die daraus folgende Einsicht in die Notwendigkeit ihre Lage mit allen Mitteln zu verbessern zeugen von einem revolution\u00e4ren Humanismus, dass uns noch heute im Dunkeln ein leuchtendes Vorbild ist. F\u00fcr ihn war die wichtigste Eigenschaft eines Revolution\u00e4rs den Schmerz der Unterdr\u00fcckten zu sp\u00fcren, bedingungslos Partei f\u00fcr sie zu ergreifen und dann zur Tat schreiten.<\/p>\n\n\n\n<p>Alles Gute Comandante Che!<\/p>\n","protected":false},"excerpt":{"rendered":"<p>Vor 90 Jahren wurde der Kommunist Ernesto Rafael Guevara de la Serna (Che) in Rosario (Agentinien) geboren. Seine Ausf\u00fchrungen \u00fcber die Liebe zur Menschheit und&#8230;<\/p>\n<div class=\"more-link-wrapper\"><a class=\"more-link\" href=\"https:\/\/roter-aufbau.de\/?p=284\">Weiterlesen<span class=\"screen-reader-text\">Alles Gute Comandante Che!<\/span><\/a><\/div>\n","protected":false},"author":1,"featured_media":285,"comment_status":"closed","ping_status":"open","sticky":false,"template":"","format":"standard","meta":{"footnotes":""},"categories":[32,23],"tags":[],"class_list":["post-284","post","type-post","status-publish","format-standard","has-post-thumbnail","hentry","category-internationalismus","category-startseite","entry"],"_links":{"self":[{"href":"https:\/\/roter-aufbau.de\/index.php?rest_route=\/wp\/v2\/posts\/284","targetHints":{"allow":["GET"]}}],"collection":[{"href":"https:\/\/roter-aufbau.de\/index.php?rest_route=\/wp\/v2\/posts"}],"about":[{"href":"https:\/\/roter-aufbau.de\/index.php?rest_route=\/wp\/v2\/types\/post"}],"author":[{"embeddable":true,"href":"https:\/\/roter-aufbau.de\/index.php?rest_route=\/wp\/v2\/users\/1"}],"replies":[{"embeddable":true,"href":"https:\/\/roter-aufbau.de\/index.php?rest_route=%2Fwp%2Fv2%2Fcomments&post=284"}],"version-history":[{"count":1,"href":"https:\/\/roter-aufbau.de\/index.php?rest_route=\/wp\/v2\/posts\/284\/revisions"}],"predecessor-version":[{"id":286,"href":"https:\/\/roter-aufbau.de\/index.php?rest_route=\/wp\/v2\/posts\/284\/revisions\/286"}],"wp:featuredmedia":[{"embeddable":true,"href":"https:\/\/roter-aufbau.de\/index.php?rest_route=\/wp\/v2\/media\/285"}],"wp:attachment":[{"href":"https:\/\/roter-aufbau.de\/index.php?rest_route=%2Fwp%2Fv2%2Fmedia&parent=284"}],"wp:term":[{"taxonomy":"category","embeddable":true,"href":"https:\/\/roter-aufbau.de\/index.php?rest_route=%2Fwp%2Fv2%2Fcategories&post=284"},{"taxonomy":"post_tag","embeddable":true,"href":"https:\/\/roter-aufbau.de\/index.php?rest_route=%2Fwp%2Fv2%2Ftags&post=284"}],"curies":[{"name":"wp","href":"https:\/\/api.w.org\/{rel}","templated":true}]}}