{"id":387,"date":"2018-06-01T16:40:18","date_gmt":"2018-06-01T14:40:18","guid":{"rendered":"http:\/\/roter-aufbau.de\/?p=387"},"modified":"2020-02-11T16:41:30","modified_gmt":"2020-02-11T15:41:30","slug":"gegen-die-auslieferung-von-turgut-kaya","status":"publish","type":"post","link":"https:\/\/roter-aufbau.de\/?p=387","title":{"rendered":"Gegen die Auslieferung von Turgut Kaya"},"content":{"rendered":"\n<p>Abgeschrieben von der Roten Hilfe:<\/p>\n\n\n\n<p>Wie erst jetzt bekannt wurde, ist der in Griechenland lebende linke Aktivist Turgut Kaya bereits im April von griechischen Sicherheitskr\u00e4ften aufgrund eines Interpol-Fahndungsaufrufs des t\u00fcrkischen Regimes festgenommen worden und befindet sich derzeit in Auslieferungshaft.<\/p>\n\n\n\n<p>Kaya war zuletzt 2014 im Zuge der internationalen Razzia gegen vermeintliche Mitglieder der TKP\/ML festgenommen, aber nach 40t\u00e4giger Haft entlassen worden. Er verbrachte bereits mehrere Jahre in t\u00fcrkischen Gef\u00e4ngnissen und war aufgrund seiner sozialistischen Weltanschauung schwerster Folter ausgesetzt. Eine Entscheidung \u00fcber die Auslieferung an das Folterregime in Ankara wurde Mai auf den 30. Mai vertagt.<\/p>\n\n\n\n<p> Hierzu erkl\u00e4rt Heiko Lange, Mitglied im Bundesvorstand der Roten Hilfe e.V.:<\/p>\n\n\n\n<p>\u201eWir fordern die sofortige Freilassung von Turgut Kaya. Die ganze Welt wei\u00df, wie das t\u00fcrkische Regime mit der linken Opposition umgeht. T\u00e4glich werden Menschen verhaftet, weil sie ihre Kritik am Regime \u00f6ffentlich \u00e4u\u00dfern oder gegen soziale Missst\u00e4nde und die Kriegspolitik gegen die kurdische Bev\u00f6lkerung auf die Stra\u00dfe gehen. Viele Gefangene erleiden systematische Folter. Im Falle einer Auslieferung w\u00e4re das Leben von Turgut Kaya akut bedroht und die griechische Syriza- Regierung mitverantwortlich f\u00fcr alles, was mit dem linken Aktivisten geschieht.\u201c<\/p>\n\n\n\n<p><a href=\"https:\/\/rote-hilfe.de\/78-news\/presse\/884-interpol-festnahme-in-griechenland-rote-hilfe-e-v-fordert-sofortige-freilassung-von-turgut-kaya\">Quelle<\/a><\/p>\n","protected":false},"excerpt":{"rendered":"<p>Abgeschrieben von der Roten Hilfe: Wie erst jetzt bekannt wurde, ist der in Griechenland lebende linke Aktivist Turgut Kaya bereits im April von griechischen Sicherheitskr\u00e4ften&#8230;<\/p>\n<div class=\"more-link-wrapper\"><a class=\"more-link\" href=\"https:\/\/roter-aufbau.de\/?p=387\">Weiterlesen<span class=\"screen-reader-text\">Gegen die Auslieferung von Turgut Kaya<\/span><\/a><\/div>\n","protected":false},"author":1,"featured_media":388,"comment_status":"closed","ping_status":"open","sticky":false,"template":"","format":"standard","meta":{"footnotes":""},"categories":[32,33,23],"tags":[],"class_list":["post-387","post","type-post","status-publish","format-standard","has-post-thumbnail","hentry","category-internationalismus","category-klassenkampf","category-startseite","entry"],"_links":{"self":[{"href":"https:\/\/roter-aufbau.de\/index.php?rest_route=\/wp\/v2\/posts\/387","targetHints":{"allow":["GET"]}}],"collection":[{"href":"https:\/\/roter-aufbau.de\/index.php?rest_route=\/wp\/v2\/posts"}],"about":[{"href":"https:\/\/roter-aufbau.de\/index.php?rest_route=\/wp\/v2\/types\/post"}],"author":[{"embeddable":true,"href":"https:\/\/roter-aufbau.de\/index.php?rest_route=\/wp\/v2\/users\/1"}],"replies":[{"embeddable":true,"href":"https:\/\/roter-aufbau.de\/index.php?rest_route=%2Fwp%2Fv2%2Fcomments&post=387"}],"version-history":[{"count":1,"href":"https:\/\/roter-aufbau.de\/index.php?rest_route=\/wp\/v2\/posts\/387\/revisions"}],"predecessor-version":[{"id":389,"href":"https:\/\/roter-aufbau.de\/index.php?rest_route=\/wp\/v2\/posts\/387\/revisions\/389"}],"wp:featuredmedia":[{"embeddable":true,"href":"https:\/\/roter-aufbau.de\/index.php?rest_route=\/wp\/v2\/media\/388"}],"wp:attachment":[{"href":"https:\/\/roter-aufbau.de\/index.php?rest_route=%2Fwp%2Fv2%2Fmedia&parent=387"}],"wp:term":[{"taxonomy":"category","embeddable":true,"href":"https:\/\/roter-aufbau.de\/index.php?rest_route=%2Fwp%2Fv2%2Fcategories&post=387"},{"taxonomy":"post_tag","embeddable":true,"href":"https:\/\/roter-aufbau.de\/index.php?rest_route=%2Fwp%2Fv2%2Ftags&post=387"}],"curies":[{"name":"wp","href":"https:\/\/api.w.org\/{rel}","templated":true}]}}