{"id":507,"date":"2019-11-23T20:48:25","date_gmt":"2019-11-23T19:48:25","guid":{"rendered":"http:\/\/roter-aufbau.de\/?p=507"},"modified":"2020-02-14T20:49:57","modified_gmt":"2020-02-14T19:49:57","slug":"eroeffnung-des-luettje-lueued","status":"publish","type":"post","link":"https:\/\/roter-aufbau.de\/?p=507","title":{"rendered":"Er\u00f6ffnung des L\u00fcttje L\u00fc\u00fcd"},"content":{"rendered":"\n<p>\n\nHerzlichen Gl\u00fcckwunsch zur Er\u00f6ffnung des neuen&nbsp;<a href=\"https:\/\/www.facebook.com\/Luttjeluud\/?__tn__=%2CdK%2AF-R&amp;eid=ARB_xo-O8a5VcCa7oOSw409E5GBNTzDbes9hIsNXjOrq3kVowPF9tpO0sUjZ7pzsULGf-nASarQVpwkr\">L\u00fcttje L\u00fc\u00fcd<\/a>&nbsp;auf der Veddel, wir freuen uns auf ein neues klassenpolitisches Projekt in einem der \u00e4rmsten Stadtteile Hamburgs&nbsp;?<br><\/p>\n","protected":false},"excerpt":{"rendered":"<p>Herzlichen Gl\u00fcckwunsch zur Er\u00f6ffnung des neuen&nbsp;L\u00fcttje L\u00fc\u00fcd&nbsp;auf der Veddel, wir freuen uns auf ein neues klassenpolitisches Projekt in einem der \u00e4rmsten Stadtteile Hamburgs&nbsp;?<\/p>\n","protected":false},"author":1,"featured_media":508,"comment_status":"closed","ping_status":"open","sticky":false,"template":"","format":"standard","meta":{"footnotes":""},"categories":[22,23],"tags":[],"class_list":["post-507","post","type-post","status-publish","format-standard","has-post-thumbnail","hentry","category-hamburg","category-startseite","entry"],"_links":{"self":[{"href":"https:\/\/roter-aufbau.de\/index.php?rest_route=\/wp\/v2\/posts\/507","targetHints":{"allow":["GET"]}}],"collection":[{"href":"https:\/\/roter-aufbau.de\/index.php?rest_route=\/wp\/v2\/posts"}],"about":[{"href":"https:\/\/roter-aufbau.de\/index.php?rest_route=\/wp\/v2\/types\/post"}],"author":[{"embeddable":true,"href":"https:\/\/roter-aufbau.de\/index.php?rest_route=\/wp\/v2\/users\/1"}],"replies":[{"embeddable":true,"href":"https:\/\/roter-aufbau.de\/index.php?rest_route=%2Fwp%2Fv2%2Fcomments&post=507"}],"version-history":[{"count":1,"href":"https:\/\/roter-aufbau.de\/index.php?rest_route=\/wp\/v2\/posts\/507\/revisions"}],"predecessor-version":[{"id":509,"href":"https:\/\/roter-aufbau.de\/index.php?rest_route=\/wp\/v2\/posts\/507\/revisions\/509"}],"wp:featuredmedia":[{"embeddable":true,"href":"https:\/\/roter-aufbau.de\/index.php?rest_route=\/wp\/v2\/media\/508"}],"wp:attachment":[{"href":"https:\/\/roter-aufbau.de\/index.php?rest_route=%2Fwp%2Fv2%2Fmedia&parent=507"}],"wp:term":[{"taxonomy":"category","embeddable":true,"href":"https:\/\/roter-aufbau.de\/index.php?rest_route=%2Fwp%2Fv2%2Fcategories&post=507"},{"taxonomy":"post_tag","embeddable":true,"href":"https:\/\/roter-aufbau.de\/index.php?rest_route=%2Fwp%2Fv2%2Ftags&post=507"}],"curies":[{"name":"wp","href":"https:\/\/api.w.org\/{rel}","templated":true}]}}