{"id":510,"date":"2019-11-16T20:50:11","date_gmt":"2019-11-16T19:50:11","guid":{"rendered":"http:\/\/roter-aufbau.de\/?p=510"},"modified":"2020-02-14T20:51:27","modified_gmt":"2020-02-14T19:51:27","slug":"rip-ivan-khutorskoy","status":"publish","type":"post","link":"https:\/\/roter-aufbau.de\/?p=510","title":{"rendered":"RIP &#8211; IVAN KHUTORSKOY"},"content":{"rendered":"\n<p>\n\nHeute vor 10 Jahren, am 16. November 2009 wurde der Antifaschist, Skinhead und RASH-Aktivist Ivan Khutorskoy mit einem Schuss in den Hinterkopf von Neonazis in seinem Hauseingang get\u00f6tet.<\/p>\n\n\n\n<p>Vor dem Mord gab es bereits drei Mordversuche der Faschisten, 2005 wurde er von Nazis \u00fcberfallen, welche ihm mit Stichverletzungen am Kopf zusetzten. Ein weiteres Mal \u00fcberlebte er nur durch ein Wunder, als ihm N&#8230;\u00a0<a href=\"https:\/\/www.facebook.com\/roterahh\/photos\/a.443884719017209\/3274239789315007\/?type=3&amp;theater#\">Mehr anzeigen<\/a><br><\/p>\n\n\n\n<p>\n\nHeute vor 10 Jahren, am 16. November 2009 wurde der Antifaschist, Skinhead und RASH-Aktivist Ivan Khutorskoy mit einem Schuss in den Hinterkopf von Neonazis in seinem Hauseingang get\u00f6tet.<\/p>\n\n\n\n<p>Vor dem Mord gab es bereits drei Mordversuche der Faschisten, 2005 wurde er von Nazis \u00fcberfallen, welche ihm mit Stichverletzungen am Kopf zusetzten. Ein weiteres Mal \u00fcberlebte er nur durch ein Wunder, als ihm Nazis im Hauseingang auflauerten und mit einem Schraubenzieher zahlreiche schwere Verwundungen im Halsbereich zuf\u00fcgten. Im Januar 2009 \u00fcberlebte er wiederum nur knapp einen Messerstich in den Bauch, den er bei einem Stra\u00dfenkampf mit Nazis erhielt.<\/p>\n\n\n\n<p>Ivan organisierte neben Saalschutz f\u00fcr antifaschistische Konzerte ebenfalls Kampfsporttraining f\u00fcr seine Genossen. Durch sein Engagement und Aktivismus war er den Nazis wohlbekannt, sodass sein Name bereits auf Todeslisten auftauchte.<\/p>\n\n\n\n<p>Im Jahr 2013 wurde eine Dokumentation \u00fcber das Leben und die Umst\u00e4nde von Ivans Tod gedreht. Der Film wurde durch eigene Mittel von Ivans Freunden finanziert und erz\u00e4hlt die Geschichte von Ivan Khutorskoy, der buchst\u00e4blich mit seinem Leben f\u00fcr sein Engagement, die Ideale, der G\u00fcte und des Humanismus bezahlte. Neben der Geschichte von Ivan, seinem Lebenslauf, zeigt der Film das Bild von der Situation in der Moskauer Underground-Punkszene in den 2000er Jahren. Und dar\u00fcberhinaus die Bedingungen, unter denen sich die russische antifaschistische Bewegung entwickelte. Neben Freunden und Familienangeh\u00f6rigen nahmen in dem Film auch die Teilnehmer von ber\u00fchmten russischen und europ\u00e4ischen Bands wie Distemper, Purgen, Naiv, Tarakany!, What We Feel und Stage Bottles teil, da sie Ivan gut kannten und den Wunsch ge\u00e4u\u00dfert haben beim Film mitzuwirken. Der Film wurde im Rahmen einer Charity-Kampagne und der Solidarit\u00e4t gemacht, um die Familie von Ivan zu unterst\u00fctzten.<\/p>\n\n\n\n<p>Einer ist betroffen, alle sind gemeint! Kein Vergeben, kein Vergessen!<\/p>\n\n\n\n<p>Solidarit\u00e4t mit allen Antifaschisten weltweit.<\/p>\n\n\n\n<p>Hier der Link zum Dokumentarfilm:<\/p>\n\n\n\n<figure class=\"wp-block-embed-youtube wp-block-embed is-type-video is-provider-youtube wp-embed-aspect-16-9 wp-has-aspect-ratio\"><div class=\"wp-block-embed__wrapper\">\n<iframe loading=\"lazy\" title=\"SAD BUT TRUE: IVAN. IN MEMORY OF OUR FRIEND. (subs: EN-GER-FRA-ITA-ESP and many more).\" width=\"500\" height=\"281\" src=\"https:\/\/www.youtube.com\/embed\/P_pfgPf3PG0?feature=oembed\" frameborder=\"0\" allow=\"accelerometer; autoplay; clipboard-write; encrypted-media; gyroscope; picture-in-picture; web-share\" referrerpolicy=\"strict-origin-when-cross-origin\" allowfullscreen><\/iframe>\n<\/div><\/figure>\n\n\n\n<p>Mehr Informationen zum Mord an Ivan findet ihr hier:<\/p>\n\n\n\n<figure class=\"wp-block-embed\"><div class=\"wp-block-embed__wrapper\">\nhttps:\/\/de.indymedia.org\/2009\/11\/266100.shtml\n<\/div><\/figure>\n","protected":false},"excerpt":{"rendered":"<p>Heute vor 10 Jahren, am 16. November 2009 wurde der Antifaschist, Skinhead und RASH-Aktivist Ivan Khutorskoy mit einem Schuss in den Hinterkopf von Neonazis in&#8230;<\/p>\n<div class=\"more-link-wrapper\"><a class=\"more-link\" href=\"https:\/\/roter-aufbau.de\/?p=510\">Weiterlesen<span class=\"screen-reader-text\">RIP &#8211; IVAN KHUTORSKOY<\/span><\/a><\/div>\n","protected":false},"author":1,"featured_media":511,"comment_status":"closed","ping_status":"open","sticky":false,"template":"","format":"standard","meta":{"footnotes":""},"categories":[30,32,35],"tags":[],"class_list":["post-510","post","type-post","status-publish","format-standard","has-post-thumbnail","hentry","category-antifa","category-internationalismus","category-streetart","entry"],"_links":{"self":[{"href":"https:\/\/roter-aufbau.de\/index.php?rest_route=\/wp\/v2\/posts\/510","targetHints":{"allow":["GET"]}}],"collection":[{"href":"https:\/\/roter-aufbau.de\/index.php?rest_route=\/wp\/v2\/posts"}],"about":[{"href":"https:\/\/roter-aufbau.de\/index.php?rest_route=\/wp\/v2\/types\/post"}],"author":[{"embeddable":true,"href":"https:\/\/roter-aufbau.de\/index.php?rest_route=\/wp\/v2\/users\/1"}],"replies":[{"embeddable":true,"href":"https:\/\/roter-aufbau.de\/index.php?rest_route=%2Fwp%2Fv2%2Fcomments&post=510"}],"version-history":[{"count":1,"href":"https:\/\/roter-aufbau.de\/index.php?rest_route=\/wp\/v2\/posts\/510\/revisions"}],"predecessor-version":[{"id":512,"href":"https:\/\/roter-aufbau.de\/index.php?rest_route=\/wp\/v2\/posts\/510\/revisions\/512"}],"wp:featuredmedia":[{"embeddable":true,"href":"https:\/\/roter-aufbau.de\/index.php?rest_route=\/wp\/v2\/media\/511"}],"wp:attachment":[{"href":"https:\/\/roter-aufbau.de\/index.php?rest_route=%2Fwp%2Fv2%2Fmedia&parent=510"}],"wp:term":[{"taxonomy":"category","embeddable":true,"href":"https:\/\/roter-aufbau.de\/index.php?rest_route=%2Fwp%2Fv2%2Fcategories&post=510"},{"taxonomy":"post_tag","embeddable":true,"href":"https:\/\/roter-aufbau.de\/index.php?rest_route=%2Fwp%2Fv2%2Ftags&post=510"}],"curies":[{"name":"wp","href":"https:\/\/api.w.org\/{rel}","templated":true}]}}