{"id":875,"date":"2023-03-09T08:25:33","date_gmt":"2023-03-09T07:25:33","guid":{"rendered":"https:\/\/roter-aufbau.de\/?p=875"},"modified":"2023-03-09T08:25:33","modified_gmt":"2023-03-09T07:25:33","slug":"18-maerz-wer-sich-nicht-bewegt-spuert-seine-fesseln-nicht","status":"publish","type":"post","link":"https:\/\/roter-aufbau.de\/?p=875","title":{"rendered":"18.M\u00e4rz: Wer sich nicht bewegt, sp\u00fcrt seine Fesseln nicht!"},"content":{"rendered":"<div class=\"entry-content\">\n<p>Vor 100 Jahren wagte die Arbeiter:innenbewegung in Hamburg den Aufstand. Dieser scheiterte und viele Hamburger:innen landeten daraufhin in den Kn\u00e4sten. Wann auch immer wir uns auflehnten und f\u00fcr eine bessere Welt eintraten, dauerte es nicht lange bis die Herrschenden mit ihren Folterknechten, Staatsanw\u00e4lt:innen oder ihren Schl\u00e4gertrupps herbeieilten. Wir wollen uns aber trotz dieser Repression nicht mit den Verh\u00e4ltnissen abfinden. Schlechte Arbeitsbedingungen, hohe Preise, unbezahlbare Mieten, Nazis auf der Stra\u00dfe oder im Staat und viele andere Gr\u00fcnde motivieren uns Tag f\u00fcr Tag weiter zu k\u00e4mpfen:<br \/>\nF\u00fcr eine bessere Zukunft jenseits vom Kapitalismus!<\/p>\n<p>Wir wollen am 18. M\u00e4rz all denen unsere solidarischen Gr\u00fc\u00dfe schicken, die in den Kn\u00e4sten oder auf den Anklageb\u00e4nken sitzen, weil sie es wagten, das Bestehende nicht l\u00e4nger zu dulden. Dabei denken wir an den anarchistischen Genossen von den drei von der Parkbank oder die t\u00fcrkischen und kurdischen Linken in den Hamburger Kn\u00e4sten. Wir zeigen uns auch solidarisch mit den Antifaschisten Jo, Dy und Findus in den Kn\u00e4sten und auch mit den Angeklagten im sogenannten Krawall-Nacht-Prozessen in Baden-W\u00fcrttemberg, aber auch mit der Antifaschistin Lina, die seit \u00fcber zwei Jahren wegen des Antifa-Ost-Verfahrens in Untersuchungshaft sitzt. Wir stehen auch zu den vermeintlichen Mitgliedern des Roten Aufbau Hamburgs, welche unter fadenscheinigen Anschuldigungen mit einem konstruierten Terrorvorwurf konfrontiert sind. Dies sind nur einzelne Beispiele deutschlandweit, unsere Solidarit\u00e4t geht aber ganz klar auch \u00fcber die Grenzen der BRD hinaus!<\/p>\n<p>Kommt mit uns gemeinsam auf die Stra\u00dfe, zeigen wir zusammen, dass wir hinter unseren Leuten stehen, auch wenn es Einzelne getroffen hat, gemeint sind wir Alle!<\/p>\n<figure class=\"wp-block-pullquote\">\n<blockquote><p><strong>Tag der politischen Gefangenen<\/strong><br \/>\nDer 18. M\u00e4rz ist international bekannt als der \u201eTag der politischen Gefangenen\u201c.<br \/>\nAn diesem Tag soll an den Aufstand der Pariser Kommune im Jahr 1871 erinnert werden, aber auch an ihre Zerschlagung und die folgende Repression. 1923 erkl\u00e4rte die Internationale Rote Hilfe den 18.03. zum \u201eInternationalen Tag der Hilfe f\u00fcr die politischen Gefangenen\u201c und daran wollen wir ankn\u00fcpfen.<\/p><\/blockquote>\n<\/figure>\n<\/div>\n","protected":false},"excerpt":{"rendered":"<p>Vor 100 Jahren wagte die Arbeiter:innenbewegung in Hamburg den Aufstand. Dieser scheiterte und viele Hamburger:innen landeten daraufhin in den Kn\u00e4sten. Wann auch immer wir uns&#8230;<\/p>\n<div class=\"more-link-wrapper\"><a class=\"more-link\" href=\"https:\/\/roter-aufbau.de\/?p=875\">Weiterlesen<span class=\"screen-reader-text\">18.M\u00e4rz: Wer sich nicht bewegt, sp\u00fcrt seine Fesseln nicht!<\/span><\/a><\/div>\n","protected":false},"author":1,"featured_media":876,"comment_status":"closed","ping_status":"open","sticky":false,"template":"","format":"standard","meta":{"footnotes":""},"categories":[42,22,23],"tags":[],"class_list":["post-875","post","type-post","status-publish","format-standard","has-post-thumbnail","hentry","category-antirepression","category-hamburg","category-startseite","entry"],"_links":{"self":[{"href":"https:\/\/roter-aufbau.de\/index.php?rest_route=\/wp\/v2\/posts\/875","targetHints":{"allow":["GET"]}}],"collection":[{"href":"https:\/\/roter-aufbau.de\/index.php?rest_route=\/wp\/v2\/posts"}],"about":[{"href":"https:\/\/roter-aufbau.de\/index.php?rest_route=\/wp\/v2\/types\/post"}],"author":[{"embeddable":true,"href":"https:\/\/roter-aufbau.de\/index.php?rest_route=\/wp\/v2\/users\/1"}],"replies":[{"embeddable":true,"href":"https:\/\/roter-aufbau.de\/index.php?rest_route=%2Fwp%2Fv2%2Fcomments&post=875"}],"version-history":[{"count":1,"href":"https:\/\/roter-aufbau.de\/index.php?rest_route=\/wp\/v2\/posts\/875\/revisions"}],"predecessor-version":[{"id":877,"href":"https:\/\/roter-aufbau.de\/index.php?rest_route=\/wp\/v2\/posts\/875\/revisions\/877"}],"wp:featuredmedia":[{"embeddable":true,"href":"https:\/\/roter-aufbau.de\/index.php?rest_route=\/wp\/v2\/media\/876"}],"wp:attachment":[{"href":"https:\/\/roter-aufbau.de\/index.php?rest_route=%2Fwp%2Fv2%2Fmedia&parent=875"}],"wp:term":[{"taxonomy":"category","embeddable":true,"href":"https:\/\/roter-aufbau.de\/index.php?rest_route=%2Fwp%2Fv2%2Fcategories&post=875"},{"taxonomy":"post_tag","embeddable":true,"href":"https:\/\/roter-aufbau.de\/index.php?rest_route=%2Fwp%2Fv2%2Ftags&post=875"}],"curies":[{"name":"wp","href":"https:\/\/api.w.org\/{rel}","templated":true}]}}