{"id":895,"date":"2023-05-26T13:09:04","date_gmt":"2023-05-26T11:09:04","guid":{"rendered":"https:\/\/roter-aufbau.de\/?p=895"},"modified":"2023-05-26T13:09:04","modified_gmt":"2023-05-26T11:09:04","slug":"die-rechten-in-die-schranken-weisen-freiheit-fuer-antifa-ost","status":"publish","type":"post","link":"https:\/\/roter-aufbau.de\/?p=895","title":{"rendered":"Die Rechten in die Schranken weisen &#8211; Freiheit f\u00fcr Antifa Ost!"},"content":{"rendered":"<p style=\"font-weight: 400;\">Es ist soweit nach \u00fcber zwei Jahren stehen f\u00fcr Mittwoch die Urteile im Antifa-Ost-Verfahren an, die Genossin Lina sitzt seit \u00fcber zwei Jahren in Untersuchungshaft und dies alleine l\u00e4sst darauf schlie\u00dfen, dass die Klassenjustiz die Antifas l\u00e4ngere Jahre in die Kn\u00e4ste stecken wird.<\/p>\n<p style=\"font-weight: 400;\">F\u00fcr uns ist Antifaschismus immer legitim, weil er eine Notwendigkeit ist, die faschistische Bestie konsequent zu bek\u00e4mpfen. Auch wenn die b\u00fcrgerliche Klassenjustiz \u00fcber die Legalit\u00e4t des militanten Antifaschismus urteilen mag, so sind das ihre Urteile. Wir stehen dahinter, weil er die Menschlichkeit verteidigt. Der Faschismus kam in diesem Land legal an die Macht, dass zeigt alleine, dass ihre Gesetze uns davor nicht sch\u00fctzen werden. Faschisten sind schlussendlich die letzte Verteidigungslinie des b\u00fcrgerlichen Eigentums, sie werden durch diesen Staat immer wieder finanziert und aufgebaut, deswegen steht dieser Staat im Kampf gegen Faschist:innen auch nicht auf unserer Seite. Wir hingegen m\u00fcssen antifaschistische Strukturen aufbauen, die uns, unsere Freund:innen, unsere Familien, Nachbarn und Stadtteile und auch alle anderen Menschen mit ALLEN Mitteln verteidigen. Denn Nazis planen uns zu ermorden, sie z\u00fcnden wieder Gefl\u00fcchtetenunterk\u00fcnfte an und der Staat schaut dabei zu. Dieser Staat ist eben nicht f\u00fcr uns da, sondern um die Interessen der Bonzen durchzusetzen. Deshalb sind seine Gesetze auch nicht unser Handlungsrahmen, sondern ob wir die Aktionen vor uns und unserer Klasse rechtfertigen k\u00f6nnen. Bauen wir einen klassenbewussten Antifaschismus auf, welcher nicht nur gegen die Windm\u00fchlen k\u00e4mpft, sondern das Problem an der Wurzel anpackt.<\/p>\n<p style=\"font-weight: 400;\">Die letzten Jahre haben gezeigt, dass Menschen mit den Verh\u00e4ltnissen unzufrieden sind und sich nach einer anderen Welt sehnen. Wir m\u00fcssen die Herzen dieser Menschen mit unseren Ideen entflammen. Wir hoffen nicht auf eine andere Welt, sondern k\u00e4mpfen t\u00e4glich daf\u00fcr. Dies unvers\u00f6hnlich mit Staat, Nazis und Kapital, denn es sind nicht die kleinen Dinge, die wir \u00e4ndern m\u00fcssen. Sondern das gro\u00dfe Ganze l\u00e4uft falsch. Der Kapitalismus an sich ist das Problem. Eine Gesellschaft, die auf Konkurrenz und Ausbeutung beruht, wird immer Rassismus hervorbringen. Nur eine sozialistische Gesellschaft kann ein menschenw\u00fcrdiges Leben f\u00fcr alle auf dieser Welt noch sichern. Deshalb lasst uns weiterk\u00e4mpfen und unsere Seite im Klassenkampf immer weiter aufbauen. Ihrer Herrschaft setzen wir so unsere Gegenmacht entgegen und ihren Verurteilungen unsere Solidarit\u00e4t!<\/p>\n<p style=\"font-weight: 400;\">\n<p style=\"font-weight: 400;\">Freiheit f\u00fcr alle Antifas &#8211; Kampf ihrer Klassenjustiz!<\/p>\n","protected":false},"excerpt":{"rendered":"<p>Es ist soweit nach \u00fcber zwei Jahren stehen f\u00fcr Mittwoch die Urteile im Antifa-Ost-Verfahren an, die Genossin Lina sitzt seit \u00fcber zwei Jahren in Untersuchungshaft&#8230;<\/p>\n<div class=\"more-link-wrapper\"><a class=\"more-link\" href=\"https:\/\/roter-aufbau.de\/?p=895\">Weiterlesen<span class=\"screen-reader-text\">Die Rechten in die Schranken weisen &#8211; Freiheit f\u00fcr Antifa Ost!<\/span><\/a><\/div>\n","protected":false},"author":1,"featured_media":896,"comment_status":"closed","ping_status":"open","sticky":false,"template":"","format":"standard","meta":{"footnotes":""},"categories":[30,22,23],"tags":[],"class_list":["post-895","post","type-post","status-publish","format-standard","has-post-thumbnail","hentry","category-antifa","category-hamburg","category-startseite","entry"],"_links":{"self":[{"href":"https:\/\/roter-aufbau.de\/index.php?rest_route=\/wp\/v2\/posts\/895","targetHints":{"allow":["GET"]}}],"collection":[{"href":"https:\/\/roter-aufbau.de\/index.php?rest_route=\/wp\/v2\/posts"}],"about":[{"href":"https:\/\/roter-aufbau.de\/index.php?rest_route=\/wp\/v2\/types\/post"}],"author":[{"embeddable":true,"href":"https:\/\/roter-aufbau.de\/index.php?rest_route=\/wp\/v2\/users\/1"}],"replies":[{"embeddable":true,"href":"https:\/\/roter-aufbau.de\/index.php?rest_route=%2Fwp%2Fv2%2Fcomments&post=895"}],"version-history":[{"count":1,"href":"https:\/\/roter-aufbau.de\/index.php?rest_route=\/wp\/v2\/posts\/895\/revisions"}],"predecessor-version":[{"id":897,"href":"https:\/\/roter-aufbau.de\/index.php?rest_route=\/wp\/v2\/posts\/895\/revisions\/897"}],"wp:featuredmedia":[{"embeddable":true,"href":"https:\/\/roter-aufbau.de\/index.php?rest_route=\/wp\/v2\/media\/896"}],"wp:attachment":[{"href":"https:\/\/roter-aufbau.de\/index.php?rest_route=%2Fwp%2Fv2%2Fmedia&parent=895"}],"wp:term":[{"taxonomy":"category","embeddable":true,"href":"https:\/\/roter-aufbau.de\/index.php?rest_route=%2Fwp%2Fv2%2Fcategories&post=895"},{"taxonomy":"post_tag","embeddable":true,"href":"https:\/\/roter-aufbau.de\/index.php?rest_route=%2Fwp%2Fv2%2Ftags&post=895"}],"curies":[{"name":"wp","href":"https:\/\/api.w.org\/{rel}","templated":true}]}}